{"id":2426,"date":"2015-01-13T09:31:53","date_gmt":"2015-01-13T09:31:53","guid":{"rendered":"http:\/\/ceipsilosalcala.redes-cepalcala.org\/?p=1689"},"modified":"2015-01-13T09:31:53","modified_gmt":"2015-01-13T09:31:53","slug":"musica-africana","status":"publish","type":"post","link":"https:\/\/blogsaverroes.juntadeandalucia.es\/ceipsilos\/musica-africana\/","title":{"rendered":"M\u00daSICA AFRICANA"},"content":{"rendered":"<p>Desde el \u00e1rea de M\u00fasica nos presentan m\u00fasica africana.<\/p>\n<p>La actividad culmin\u00f3 con la exposici\u00f3n de instrumentos m\u00fasicales de dicho continente y con la interpretaci\u00f3n de diversas melod\u00edas realizadas por la maestra y por alumnos del tercer ciclo.<\/p>\n<p><a href=\"https:\/\/drive.google.com\/folderview?id=0B8xbz_KKZulbQWg1Rnc0N2VnejA&amp;usp=sharing\" target=\"_blank\">M\u00fasica africana<\/a><\/p>\n","protected":false},"excerpt":{"rendered":"<p>Desde el \u00e1rea de M\u00fasica nos presentan m\u00fasica africana. La actividad culmin\u00f3 con la exposici\u00f3n de instrumentos m\u00fasicales de dicho continente y con la interpretaci\u00f3n de diversas melod\u00edas realizadas por la maestra y por alumnos del tercer ciclo. M\u00fasica africana<\/p>\n","protected":false},"author":5518,"featured_media":0,"comment_status":"closed","ping_status":"open","sticky":false,"template":"","format":"standard","meta":{"ngg_post_thumbnail":0,"footnotes":""},"categories":[696943,526,11909],"tags":[],"aioseo_notices":[],"_links":{"self":[{"href":"https:\/\/blogsaverroes.juntadeandalucia.es\/ceipsilos\/wp-json\/wp\/v2\/posts\/2426"}],"collection":[{"href":"https:\/\/blogsaverroes.juntadeandalucia.es\/ceipsilos\/wp-json\/wp\/v2\/posts"}],"about":[{"href":"https:\/\/blogsaverroes.juntadeandalucia.es\/ceipsilos\/wp-json\/wp\/v2\/types\/post"}],"author":[{"embeddable":true,"href":"https:\/\/blogsaverroes.juntadeandalucia.es\/ceipsilos\/wp-json\/wp\/v2\/users\/5518"}],"replies":[{"embeddable":true,"href":"https:\/\/blogsaverroes.juntadeandalucia.es\/ceipsilos\/wp-json\/wp\/v2\/comments?post=2426"}],"version-history":[{"count":0,"href":"https:\/\/blogsaverroes.juntadeandalucia.es\/ceipsilos\/wp-json\/wp\/v2\/posts\/2426\/revisions"}],"wp:attachment":[{"href":"https:\/\/blogsaverroes.juntadeandalucia.es\/ceipsilos\/wp-json\/wp\/v2\/media?parent=2426"}],"wp:term":[{"taxonomy":"category","embeddable":true,"href":"https:\/\/blogsaverroes.juntadeandalucia.es\/ceipsilos\/wp-json\/wp\/v2\/categories?post=2426"},{"taxonomy":"post_tag","embeddable":true,"href":"https:\/\/blogsaverroes.juntadeandalucia.es\/ceipsilos\/wp-json\/wp\/v2\/tags?post=2426"}],"curies":[{"name":"wp","href":"https:\/\/api.w.org\/{rel}","templated":true}]}}