{"id":2432,"date":"2015-03-25T12:40:54","date_gmt":"2015-03-25T12:40:54","guid":{"rendered":"http:\/\/ceipsilosalcala.redes-cepalcala.org\/?p=1754"},"modified":"2015-03-25T12:40:54","modified_gmt":"2015-03-25T12:40:54","slug":"procesion-del-c-e-i-p-silos","status":"publish","type":"post","link":"https:\/\/blogsaverroes.juntadeandalucia.es\/ceipsilos\/procesion-del-c-e-i-p-silos\/","title":{"rendered":"PROCESI\u00d3N DEL C.E.I.P. SILOS"},"content":{"rendered":"<p>Desde el \u00e1rea de Religi\u00f3n se organiza la salida de la procesi\u00f3n del C.E.I.P. Silos, en la cual participan alumnos de E. Primaria:<\/p>\n<p>Fecha: viernes 27 de marzo<\/p>\n<p>Hora de salida: 10:00<\/p>\n<p>Hora estimada de regreso: 11:30 horas<\/p>\n<p>Itinerario:<\/p>\n<p>&#8211;\u00a0\u00a0\u00a0\u00a0\u00a0\u00a0\u00a0\u00a0 Salida por calle Alfredo Krauss.<\/p>\n<p>&#8211;\u00a0\u00a0\u00a0\u00a0\u00a0\u00a0\u00a0\u00a0 Subida hasta la Plaza de la Zarzuela.<\/p>\n<p>&#8211;\u00a0\u00a0\u00a0\u00a0\u00a0\u00a0\u00a0\u00a0 Tras recorrer esta plaza se baja por la calle Alfredo Krauss hasta la rotonda.<\/p>\n<p>&#8211;\u00a0\u00a0\u00a0\u00a0\u00a0\u00a0\u00a0\u00a0 Subida por calle Castillo de Marchenilla.<\/p>\n<p>&#8211;\u00a0\u00a0\u00a0\u00a0\u00a0\u00a0\u00a0\u00a0 Entrada al centro por la puerta del comedor.<\/p>\n<p>Queremos agradecer la implicaci\u00f3n de madres y padres del centro para la realizaci\u00f3n de esta actividad.<\/p>\n","protected":false},"excerpt":{"rendered":"<p>Desde el \u00e1rea de Religi\u00f3n se organiza la salida de la procesi\u00f3n del C.E.I.P. Silos, en la cual participan alumnos de E. Primaria: Fecha: viernes 27 de marzo Hora de salida: 10:00 Hora estimada de regreso: 11:30 horas Itinerario: &#8211;\u00a0\u00a0\u00a0\u00a0\u00a0\u00a0\u00a0\u00a0 Salida por calle Alfredo Krauss. &#8211;\u00a0\u00a0\u00a0\u00a0\u00a0\u00a0\u00a0\u00a0 Subida hasta la Plaza de la Zarzuela. &#8211;\u00a0\u00a0\u00a0\u00a0\u00a0\u00a0\u00a0\u00a0 Tras &hellip; <\/p>\n<p><a class=\"more-link btn\" href=\"https:\/\/blogsaverroes.juntadeandalucia.es\/ceipsilos\/procesion-del-c-e-i-p-silos\/\">Seguir leyendo<\/a><\/p>\n","protected":false},"author":5518,"featured_media":0,"comment_status":"closed","ping_status":"open","sticky":false,"template":"","format":"standard","meta":{"ngg_post_thumbnail":0,"footnotes":""},"categories":[526,11909],"tags":[],"aioseo_notices":[],"_links":{"self":[{"href":"https:\/\/blogsaverroes.juntadeandalucia.es\/ceipsilos\/wp-json\/wp\/v2\/posts\/2432"}],"collection":[{"href":"https:\/\/blogsaverroes.juntadeandalucia.es\/ceipsilos\/wp-json\/wp\/v2\/posts"}],"about":[{"href":"https:\/\/blogsaverroes.juntadeandalucia.es\/ceipsilos\/wp-json\/wp\/v2\/types\/post"}],"author":[{"embeddable":true,"href":"https:\/\/blogsaverroes.juntadeandalucia.es\/ceipsilos\/wp-json\/wp\/v2\/users\/5518"}],"replies":[{"embeddable":true,"href":"https:\/\/blogsaverroes.juntadeandalucia.es\/ceipsilos\/wp-json\/wp\/v2\/comments?post=2432"}],"version-history":[{"count":0,"href":"https:\/\/blogsaverroes.juntadeandalucia.es\/ceipsilos\/wp-json\/wp\/v2\/posts\/2432\/revisions"}],"wp:attachment":[{"href":"https:\/\/blogsaverroes.juntadeandalucia.es\/ceipsilos\/wp-json\/wp\/v2\/media?parent=2432"}],"wp:term":[{"taxonomy":"category","embeddable":true,"href":"https:\/\/blogsaverroes.juntadeandalucia.es\/ceipsilos\/wp-json\/wp\/v2\/categories?post=2432"},{"taxonomy":"post_tag","embeddable":true,"href":"https:\/\/blogsaverroes.juntadeandalucia.es\/ceipsilos\/wp-json\/wp\/v2\/tags?post=2432"}],"curies":[{"name":"wp","href":"https:\/\/api.w.org\/{rel}","templated":true}]}}