{"id":2436,"date":"2015-04-06T16:20:34","date_gmt":"2015-04-06T16:20:34","guid":{"rendered":"http:\/\/ceipsilosalcala.redes-cepalcala.org\/?p=1771"},"modified":"2015-04-06T16:20:34","modified_gmt":"2015-04-06T16:20:34","slug":"procesion-del-c-e-i-p-silos-2","status":"publish","type":"post","link":"https:\/\/blogsaverroes.juntadeandalucia.es\/ceipsilos\/procesion-del-c-e-i-p-silos-2\/","title":{"rendered":"PROCESI\u00d3N DEL C.E.I.P. SILOS"},"content":{"rendered":"<p>Otro a\u00f1o m\u00e1s la procesi\u00f3n del centro recorri\u00f3 las calles aleda\u00f1as al colegio. El recorrido cont\u00f3 con una gran afluencia de p\u00fablico. Queremos aprovechar para agradecerles su apoyo y destacar la participaci\u00f3n y el esfuerzo realizado por todos los participantes en hacer realidad \u00e9sta actividad.<\/p>\n<p><a href=\"https:\/\/drive.google.com\/folderview?id=0B8xbz_KKZulbfnRPTXJqVmxPY2p3ZjJ5MERValVYS2dGenJrNFY0bFRQYXNQM2U0eVZMM2s&amp;usp=sharing\" target=\"_blank\">Procesi\u00f3n del C.E.I.P. Silos<\/a><\/p>\n","protected":false},"excerpt":{"rendered":"<p>Otro a\u00f1o m\u00e1s la procesi\u00f3n del centro recorri\u00f3 las calles aleda\u00f1as al colegio. El recorrido cont\u00f3 con una gran afluencia de p\u00fablico. Queremos aprovechar para agradecerles su apoyo y destacar la participaci\u00f3n y el esfuerzo realizado por todos los participantes en hacer realidad \u00e9sta actividad. Procesi\u00f3n del C.E.I.P. Silos<\/p>\n","protected":false},"author":5518,"featured_media":0,"comment_status":"closed","ping_status":"open","sticky":false,"template":"","format":"standard","meta":{"ngg_post_thumbnail":0,"footnotes":""},"categories":[696943,526,11909],"tags":[],"aioseo_notices":[],"_links":{"self":[{"href":"https:\/\/blogsaverroes.juntadeandalucia.es\/ceipsilos\/wp-json\/wp\/v2\/posts\/2436"}],"collection":[{"href":"https:\/\/blogsaverroes.juntadeandalucia.es\/ceipsilos\/wp-json\/wp\/v2\/posts"}],"about":[{"href":"https:\/\/blogsaverroes.juntadeandalucia.es\/ceipsilos\/wp-json\/wp\/v2\/types\/post"}],"author":[{"embeddable":true,"href":"https:\/\/blogsaverroes.juntadeandalucia.es\/ceipsilos\/wp-json\/wp\/v2\/users\/5518"}],"replies":[{"embeddable":true,"href":"https:\/\/blogsaverroes.juntadeandalucia.es\/ceipsilos\/wp-json\/wp\/v2\/comments?post=2436"}],"version-history":[{"count":0,"href":"https:\/\/blogsaverroes.juntadeandalucia.es\/ceipsilos\/wp-json\/wp\/v2\/posts\/2436\/revisions"}],"wp:attachment":[{"href":"https:\/\/blogsaverroes.juntadeandalucia.es\/ceipsilos\/wp-json\/wp\/v2\/media?parent=2436"}],"wp:term":[{"taxonomy":"category","embeddable":true,"href":"https:\/\/blogsaverroes.juntadeandalucia.es\/ceipsilos\/wp-json\/wp\/v2\/categories?post=2436"},{"taxonomy":"post_tag","embeddable":true,"href":"https:\/\/blogsaverroes.juntadeandalucia.es\/ceipsilos\/wp-json\/wp\/v2\/tags?post=2436"}],"curies":[{"name":"wp","href":"https:\/\/api.w.org\/{rel}","templated":true}]}}