{"id":2440,"date":"2015-04-18T10:10:50","date_gmt":"2015-04-18T10:10:50","guid":{"rendered":"http:\/\/ceipsilosalcala.redes-cepalcala.org\/?p=1790"},"modified":"2015-04-18T10:10:50","modified_gmt":"2015-04-18T10:10:50","slug":"las-aventuras-de-till","status":"publish","type":"post","link":"https:\/\/blogsaverroes.juntadeandalucia.es\/ceipsilos\/las-aventuras-de-till\/","title":{"rendered":"LAS AVENTURAS DE TILL"},"content":{"rendered":"<p>El lunes 20 de abril los alumnos\/as\u00a0de 3\u00ba de E. Primaria representan la obra de\u00a0teatro \u201cLas Aventuras de Till\u00bb.<\/p>\n<p>La funci\u00f3n se reprentar\u00e1 en dos sesiones:<\/p>\n<p>1\u00aa Sesi\u00f3n:\u00a0Dirigida a los familiares de estos alumnos a las 9:30\u00a0horas<\/p>\n<p>2\u00aa Sesi\u00f3n: Dirigida al alumnado de E. Primaria a las12:00 horas.<\/p>\n<p>El d\u00eda de la funci\u00f3n los\u00a0alumnos\/as de 3\u00ba entrar\u00e1n al Centro por la puerta de la calle Alfredo Krauss.<\/p>\n<p>La entrada de los padres\/madres se har\u00e1 por la misma puerta a partir de las 9:25 horas.<\/p>\n<p>Esperamos que disfruten.<\/p>\n<p><a href=\"https:\/\/drive.google.com\/file\/d\/0B8xbz_KKZulbdTd4bUR4NUFTVUE\/view?usp=sharing\" target=\"_blank\">\u00abLas aventuras de Till\u00bb<\/a><\/p>\n","protected":false},"excerpt":{"rendered":"<p>El lunes 20 de abril los alumnos\/as\u00a0de 3\u00ba de E. Primaria representan la obra de\u00a0teatro \u201cLas Aventuras de Till\u00bb. La funci\u00f3n se reprentar\u00e1 en dos sesiones: 1\u00aa Sesi\u00f3n:\u00a0Dirigida a los familiares de estos alumnos a las 9:30\u00a0horas 2\u00aa Sesi\u00f3n: Dirigida al alumnado de E. Primaria a las12:00 horas. El d\u00eda de la funci\u00f3n los\u00a0alumnos\/as de &hellip; <\/p>\n<p><a class=\"more-link btn\" href=\"https:\/\/blogsaverroes.juntadeandalucia.es\/ceipsilos\/las-aventuras-de-till\/\">Seguir leyendo<\/a><\/p>\n","protected":false},"author":5518,"featured_media":0,"comment_status":"closed","ping_status":"open","sticky":false,"template":"","format":"standard","meta":{"ngg_post_thumbnail":0,"footnotes":""},"categories":[526,11909],"tags":[],"aioseo_notices":[],"_links":{"self":[{"href":"https:\/\/blogsaverroes.juntadeandalucia.es\/ceipsilos\/wp-json\/wp\/v2\/posts\/2440"}],"collection":[{"href":"https:\/\/blogsaverroes.juntadeandalucia.es\/ceipsilos\/wp-json\/wp\/v2\/posts"}],"about":[{"href":"https:\/\/blogsaverroes.juntadeandalucia.es\/ceipsilos\/wp-json\/wp\/v2\/types\/post"}],"author":[{"embeddable":true,"href":"https:\/\/blogsaverroes.juntadeandalucia.es\/ceipsilos\/wp-json\/wp\/v2\/users\/5518"}],"replies":[{"embeddable":true,"href":"https:\/\/blogsaverroes.juntadeandalucia.es\/ceipsilos\/wp-json\/wp\/v2\/comments?post=2440"}],"version-history":[{"count":0,"href":"https:\/\/blogsaverroes.juntadeandalucia.es\/ceipsilos\/wp-json\/wp\/v2\/posts\/2440\/revisions"}],"wp:attachment":[{"href":"https:\/\/blogsaverroes.juntadeandalucia.es\/ceipsilos\/wp-json\/wp\/v2\/media?parent=2440"}],"wp:term":[{"taxonomy":"category","embeddable":true,"href":"https:\/\/blogsaverroes.juntadeandalucia.es\/ceipsilos\/wp-json\/wp\/v2\/categories?post=2440"},{"taxonomy":"post_tag","embeddable":true,"href":"https:\/\/blogsaverroes.juntadeandalucia.es\/ceipsilos\/wp-json\/wp\/v2\/tags?post=2440"}],"curies":[{"name":"wp","href":"https:\/\/api.w.org\/{rel}","templated":true}]}}