{"id":2696,"date":"2018-05-27T16:39:27","date_gmt":"2018-05-27T16:39:27","guid":{"rendered":"https:\/\/blogsaverroes.juntadeandalucia.es\/ceipsilos\/?p=2696"},"modified":"2018-05-27T16:39:27","modified_gmt":"2018-05-27T16:39:27","slug":"escuela-de-verano-6","status":"publish","type":"post","link":"https:\/\/blogsaverroes.juntadeandalucia.es\/ceipsilos\/escuela-de-verano-6\/","title":{"rendered":"ESCUELA DE VERANO"},"content":{"rendered":"<p>Les informamos que nuestro centro contar\u00e1 como en los \u00faltimos a\u00f1os con Escuela de Verano.<\/p>\n<p>Empresa encargada: Asociaci\u00f3n Educo M\u00fasica<\/p>\n<p>Inicio: lunes 25 de junio<\/p>\n<p>Finalizaci\u00f3n: martes 31 de julio<\/p>\n<p>Horario: de 7:30 a 15:30 horas.<\/p>\n<p>Todas las familias que est\u00e9n interesadas pueden pasarse por Secretar\u00eda del centro.<\/p>\n","protected":false},"excerpt":{"rendered":"<p>Les informamos que nuestro centro contar\u00e1 como en los \u00faltimos a\u00f1os con Escuela de Verano. Empresa encargada: Asociaci\u00f3n Educo M\u00fasica Inicio: lunes 25 de junio Finalizaci\u00f3n: martes 31 de julio Horario: de 7:30 a 15:30 horas. Todas las familias que est\u00e9n interesadas pueden pasarse por Secretar\u00eda del centro.<\/p>\n","protected":false},"author":5518,"featured_media":0,"comment_status":"closed","ping_status":"open","sticky":false,"template":"","format":"standard","meta":{"ngg_post_thumbnail":0,"footnotes":""},"categories":[526],"tags":[],"aioseo_notices":[],"_links":{"self":[{"href":"https:\/\/blogsaverroes.juntadeandalucia.es\/ceipsilos\/wp-json\/wp\/v2\/posts\/2696"}],"collection":[{"href":"https:\/\/blogsaverroes.juntadeandalucia.es\/ceipsilos\/wp-json\/wp\/v2\/posts"}],"about":[{"href":"https:\/\/blogsaverroes.juntadeandalucia.es\/ceipsilos\/wp-json\/wp\/v2\/types\/post"}],"author":[{"embeddable":true,"href":"https:\/\/blogsaverroes.juntadeandalucia.es\/ceipsilos\/wp-json\/wp\/v2\/users\/5518"}],"replies":[{"embeddable":true,"href":"https:\/\/blogsaverroes.juntadeandalucia.es\/ceipsilos\/wp-json\/wp\/v2\/comments?post=2696"}],"version-history":[{"count":1,"href":"https:\/\/blogsaverroes.juntadeandalucia.es\/ceipsilos\/wp-json\/wp\/v2\/posts\/2696\/revisions"}],"predecessor-version":[{"id":2697,"href":"https:\/\/blogsaverroes.juntadeandalucia.es\/ceipsilos\/wp-json\/wp\/v2\/posts\/2696\/revisions\/2697"}],"wp:attachment":[{"href":"https:\/\/blogsaverroes.juntadeandalucia.es\/ceipsilos\/wp-json\/wp\/v2\/media?parent=2696"}],"wp:term":[{"taxonomy":"category","embeddable":true,"href":"https:\/\/blogsaverroes.juntadeandalucia.es\/ceipsilos\/wp-json\/wp\/v2\/categories?post=2696"},{"taxonomy":"post_tag","embeddable":true,"href":"https:\/\/blogsaverroes.juntadeandalucia.es\/ceipsilos\/wp-json\/wp\/v2\/tags?post=2696"}],"curies":[{"name":"wp","href":"https:\/\/api.w.org\/{rel}","templated":true}]}}