{"id":3165,"date":"2020-06-12T10:26:03","date_gmt":"2020-06-12T10:26:03","guid":{"rendered":"https:\/\/blogsaverroes.juntadeandalucia.es\/ceipsilos\/?p=3165"},"modified":"2020-06-12T10:32:13","modified_gmt":"2020-06-12T10:32:13","slug":"clases-de-refuerzo-en-julio","status":"publish","type":"post","link":"https:\/\/blogsaverroes.juntadeandalucia.es\/ceipsilos\/clases-de-refuerzo-en-julio\/","title":{"rendered":"CLASES DE REFUERZO EN JULIO"},"content":{"rendered":"<p><span class=\"fontstyle0\">Les informamos que durante el <strong>mes de julio<\/strong> se va a desarrollar en el centro el<br \/>\n\u201cPrograma de refuerzo estival\u201d.<\/span><\/p>\n<p><span class=\"fontstyle0\"><br \/>\n<strong><span style=\"text-decoration: underline\">EN QU\u00c9 CONSISTE<\/span><\/strong><br \/>\nSe basa en el desarrollo de clases de repaso y refuerzo de <strong>Lengua, Matem\u00e1ticas, Ingl\u00e9s y<\/strong><br \/>\n<strong>Educaci\u00f3n F\u00edsica.<\/strong><\/span><\/p>\n<p><span class=\"fontstyle0\"><br \/>\n<strong><span style=\"text-decoration: underline\">A QU\u00c9 ALUMNADO VA DIRIGIDO<\/span><\/strong><br \/>\nSe puede solicitar para <strong>alumnos de E. Primaria,<\/strong> teniendo prioridad los alumnos de<br \/>\nnuestro colegio.<\/span><\/p>\n<p><span class=\"fontstyle0\"><br \/>\n<strong><span style=\"text-decoration: underline\">ORGANIZACI\u00d3N (HORARIO, PRECIO, \u2026)<\/span><\/strong><br \/>\nDichas clases ser\u00e1n impartidas mayoritariamente por maestros de nuestro centro.<br \/>\nLas clases tendr\u00e1n una duraci\u00f3n de 15 d\u00edas, pudiendo optar por solicitar la primera, la<br \/>\nsegunda o ambas quincenas.<br \/>\nEl horario ser\u00e1<strong> de 9 a 14 horas<\/strong> y es gratuito.<br \/>\nLas <strong>clases<\/strong> estar\u00e1n compuestas <strong>entre 5 y 15 alumnos<\/strong> del mismo nivel (1\u00ba, 2\u00ba, 3\u00ba, \u2026).<\/span><\/p>\n<p><span class=\"fontstyle0\"><br \/>\n<strong><span style=\"text-decoration: underline\">SOLICITUDES<\/span><\/strong><br \/>\nEl plazo de solicitudes est\u00e1 comprendido <strong>entre el 12 y el 18 de junio<\/strong> (ambos inclusive).<br \/>\nLas familias podr\u00e1n solicitar la participaci\u00f3n del alumnado <strong>por v\u00eda<\/strong>, preferentemente,<br \/>\n<strong>telem\u00e1tica, por email (41601841.edu@gmail.com) o en la Secretar\u00eda<\/strong> del colegio en<br \/>\nhorario <strong>de 9:30 a 13:30.<\/strong><\/span><\/p>\n<p><span class=\"fontstyle0\"><br \/>\nLos modelos estar\u00e1n disponibles en la web del colegio y en la Consejer\u00eda de Educaci\u00f3n<br \/>\ny Deporte:<br \/>\n<\/span><span class=\"fontstyle0\">https:\/\/portals.ced.junta-andalucia.es\/educacion\/portals\/web\/ced<br \/>\n<\/span><span class=\"fontstyle0\">https:\/\/blogsaverroes.juntadeandalucia.es\/ceipsilos\/<\/span><\/p>\n<p><span class=\"fontstyle0\"><br \/>\n<\/span><span class=\"fontstyle0\">Para m\u00e1s informaci\u00f3n pueden comunicarse con el centro a trav\u00e9s del correo electr\u00f3nico<br \/>\n<\/span><span class=\"fontstyle0\">41601841.edu@gmail.com <\/span><span class=\"fontstyle0\">o al m\u00f3vil 671 56 54 16.<\/span><\/p>\n<p><a href=\"https:\/\/drive.google.com\/file\/d\/15eCDcaU__xPG5858g1YlYkDh5cFoyNwt\/view?usp=sharing\" target=\"_blank\" rel=\"noopener noreferrer\">SOLICITUD DE INSCRIPCI\u00d3N<\/a><\/p>\n<p><a href=\"https:\/\/portals.ced.junta-andalucia.es\/educacion\/portals\/web\/ced\/programa-de-refuerzo-estival\" target=\"_blank\" rel=\"noopener noreferrer\">WEB INFORMATIVA CONSEJER\u00cdA DE EDUCACI\u00d3N<\/a><\/p>\n","protected":false},"excerpt":{"rendered":"<p>Les informamos que durante el mes de julio se va a desarrollar en el centro el \u201cPrograma de refuerzo estival\u201d. EN QU\u00c9 CONSISTE Se basa en el desarrollo de clases de repaso y refuerzo de Lengua, Matem\u00e1ticas, Ingl\u00e9s y Educaci\u00f3n F\u00edsica. A QU\u00c9 ALUMNADO VA DIRIGIDO Se puede solicitar para alumnos de E. Primaria, teniendo &hellip; <\/p>\n<p><a class=\"more-link btn\" href=\"https:\/\/blogsaverroes.juntadeandalucia.es\/ceipsilos\/clases-de-refuerzo-en-julio\/\">Seguir leyendo<\/a><\/p>\n","protected":false},"author":5518,"featured_media":0,"comment_status":"closed","ping_status":"open","sticky":false,"template":"","format":"standard","meta":{"ngg_post_thumbnail":0,"footnotes":""},"categories":[526],"tags":[],"aioseo_notices":[],"_links":{"self":[{"href":"https:\/\/blogsaverroes.juntadeandalucia.es\/ceipsilos\/wp-json\/wp\/v2\/posts\/3165"}],"collection":[{"href":"https:\/\/blogsaverroes.juntadeandalucia.es\/ceipsilos\/wp-json\/wp\/v2\/posts"}],"about":[{"href":"https:\/\/blogsaverroes.juntadeandalucia.es\/ceipsilos\/wp-json\/wp\/v2\/types\/post"}],"author":[{"embeddable":true,"href":"https:\/\/blogsaverroes.juntadeandalucia.es\/ceipsilos\/wp-json\/wp\/v2\/users\/5518"}],"replies":[{"embeddable":true,"href":"https:\/\/blogsaverroes.juntadeandalucia.es\/ceipsilos\/wp-json\/wp\/v2\/comments?post=3165"}],"version-history":[{"count":6,"href":"https:\/\/blogsaverroes.juntadeandalucia.es\/ceipsilos\/wp-json\/wp\/v2\/posts\/3165\/revisions"}],"predecessor-version":[{"id":3171,"href":"https:\/\/blogsaverroes.juntadeandalucia.es\/ceipsilos\/wp-json\/wp\/v2\/posts\/3165\/revisions\/3171"}],"wp:attachment":[{"href":"https:\/\/blogsaverroes.juntadeandalucia.es\/ceipsilos\/wp-json\/wp\/v2\/media?parent=3165"}],"wp:term":[{"taxonomy":"category","embeddable":true,"href":"https:\/\/blogsaverroes.juntadeandalucia.es\/ceipsilos\/wp-json\/wp\/v2\/categories?post=3165"},{"taxonomy":"post_tag","embeddable":true,"href":"https:\/\/blogsaverroes.juntadeandalucia.es\/ceipsilos\/wp-json\/wp\/v2\/tags?post=3165"}],"curies":[{"name":"wp","href":"https:\/\/api.w.org\/{rel}","templated":true}]}}