{"id":3572,"date":"2022-03-07T15:36:04","date_gmt":"2022-03-07T15:36:04","guid":{"rendered":"https:\/\/blogsaverroes.juntadeandalucia.es\/ceipsilos\/?p=3572"},"modified":"2022-03-07T15:36:46","modified_gmt":"2022-03-07T15:36:46","slug":"3572-2","status":"publish","type":"post","link":"https:\/\/blogsaverroes.juntadeandalucia.es\/ceipsilos\/3572-2\/","title":{"rendered":"D\u00cdA DE ANDALUC\u00cdA"},"content":{"rendered":"<p>Para celebrar el D\u00eda de Andaluc\u00eda en el centro se han realizado numerosas actividades: desayuno andaluz, Gymkana, decoraci\u00f3n de zonas comunes,\u2026<\/p>\n<p>Todo ello se pudo realizar gracias a la colaboraci\u00f3n de madres y padres del A.M.P.A. y a la organizaci\u00f3n, entusiasmo y dedicaci\u00f3n del alumnado de 5\u00ba y 6\u00ba de Educaci\u00f3n Primaria.<\/p>\n<p>Muchas gracias a todos y enhorabuena.<\/p>\n<p><a href=\"https:\/\/drive.google.com\/drive\/folders\/18RGPpkda08qa4K4yZBPaiiWj5shqlKxr?usp=sharing\" target=\"_blank\" rel=\"noopener noreferrer\">D\u00eda de Andaluc\u00eda<\/a><\/p>\n","protected":false},"excerpt":{"rendered":"<p>Para celebrar el D\u00eda de Andaluc\u00eda en el centro se han realizado numerosas actividades: desayuno andaluz, Gymkana, decoraci\u00f3n de zonas comunes,\u2026 Todo ello se pudo realizar gracias a la colaboraci\u00f3n de madres y padres del A.M.P.A. y a la organizaci\u00f3n, entusiasmo y dedicaci\u00f3n del alumnado de 5\u00ba y 6\u00ba de Educaci\u00f3n Primaria. Muchas gracias a &hellip; <\/p>\n<p><a class=\"more-link btn\" href=\"https:\/\/blogsaverroes.juntadeandalucia.es\/ceipsilos\/3572-2\/\">Seguir leyendo<\/a><\/p>\n","protected":false},"author":5518,"featured_media":0,"comment_status":"closed","ping_status":"closed","sticky":false,"template":"","format":"standard","meta":{"ngg_post_thumbnail":0,"footnotes":""},"categories":[526],"tags":[],"aioseo_notices":[],"_links":{"self":[{"href":"https:\/\/blogsaverroes.juntadeandalucia.es\/ceipsilos\/wp-json\/wp\/v2\/posts\/3572"}],"collection":[{"href":"https:\/\/blogsaverroes.juntadeandalucia.es\/ceipsilos\/wp-json\/wp\/v2\/posts"}],"about":[{"href":"https:\/\/blogsaverroes.juntadeandalucia.es\/ceipsilos\/wp-json\/wp\/v2\/types\/post"}],"author":[{"embeddable":true,"href":"https:\/\/blogsaverroes.juntadeandalucia.es\/ceipsilos\/wp-json\/wp\/v2\/users\/5518"}],"replies":[{"embeddable":true,"href":"https:\/\/blogsaverroes.juntadeandalucia.es\/ceipsilos\/wp-json\/wp\/v2\/comments?post=3572"}],"version-history":[{"count":2,"href":"https:\/\/blogsaverroes.juntadeandalucia.es\/ceipsilos\/wp-json\/wp\/v2\/posts\/3572\/revisions"}],"predecessor-version":[{"id":3574,"href":"https:\/\/blogsaverroes.juntadeandalucia.es\/ceipsilos\/wp-json\/wp\/v2\/posts\/3572\/revisions\/3574"}],"wp:attachment":[{"href":"https:\/\/blogsaverroes.juntadeandalucia.es\/ceipsilos\/wp-json\/wp\/v2\/media?parent=3572"}],"wp:term":[{"taxonomy":"category","embeddable":true,"href":"https:\/\/blogsaverroes.juntadeandalucia.es\/ceipsilos\/wp-json\/wp\/v2\/categories?post=3572"},{"taxonomy":"post_tag","embeddable":true,"href":"https:\/\/blogsaverroes.juntadeandalucia.es\/ceipsilos\/wp-json\/wp\/v2\/tags?post=3572"}],"curies":[{"name":"wp","href":"https:\/\/api.w.org\/{rel}","templated":true}]}}