{"id":3626,"date":"2022-04-28T11:22:41","date_gmt":"2022-04-28T11:22:41","guid":{"rendered":"https:\/\/blogsaverroes.juntadeandalucia.es\/ceipsilos\/?p=3626"},"modified":"2022-04-28T11:22:41","modified_gmt":"2022-04-28T11:22:41","slug":"procesion-del-ceip-silos","status":"publish","type":"post","link":"https:\/\/blogsaverroes.juntadeandalucia.es\/ceipsilos\/procesion-del-ceip-silos\/","title":{"rendered":"PROCESI\u00d3N DEL CEIP SILOS"},"content":{"rendered":"<p>Este curso hemos recuperado nuestra tradicional procesi\u00f3n del centro. El recorrido se realiz\u00f3 por las calles aleda\u00f1as al colegio y cont\u00f3 con una gran afluencia de p\u00fablico. Volvimos a disfrutar del balc\u00f3n donde los alumnos han dedicado saetas y discursos emotivos a nuestra procesi\u00f3n.<\/p>\n<p>Queremos aprovechar para agradecerles su apoyo y destacar la participaci\u00f3n y el esfuerzo realizado por todos los participantes en hacer realidad \u00e9sta actividad.<\/p>\n<p><a href=\"https:\/\/drive.google.com\/drive\/folders\/16MVPsR-drAJ3g4zQ0LqnkDnJD0TSgf-n?usp=sharing\" target=\"_blank\" rel=\"noopener noreferrer\">Procesi\u00f3n del C.E.I.P. Silos<\/a><\/p>\n","protected":false},"excerpt":{"rendered":"<p>Este curso hemos recuperado nuestra tradicional procesi\u00f3n del centro. El recorrido se realiz\u00f3 por las calles aleda\u00f1as al colegio y cont\u00f3 con una gran afluencia de p\u00fablico. Volvimos a disfrutar del balc\u00f3n donde los alumnos han dedicado saetas y discursos emotivos a nuestra procesi\u00f3n. Queremos aprovechar para agradecerles su apoyo y destacar la participaci\u00f3n y &hellip; <\/p>\n<p><a class=\"more-link btn\" href=\"https:\/\/blogsaverroes.juntadeandalucia.es\/ceipsilos\/procesion-del-ceip-silos\/\">Seguir leyendo<\/a><\/p>\n","protected":false},"author":5518,"featured_media":0,"comment_status":"closed","ping_status":"closed","sticky":false,"template":"","format":"standard","meta":{"ngg_post_thumbnail":0,"footnotes":""},"categories":[526],"tags":[],"aioseo_notices":[],"_links":{"self":[{"href":"https:\/\/blogsaverroes.juntadeandalucia.es\/ceipsilos\/wp-json\/wp\/v2\/posts\/3626"}],"collection":[{"href":"https:\/\/blogsaverroes.juntadeandalucia.es\/ceipsilos\/wp-json\/wp\/v2\/posts"}],"about":[{"href":"https:\/\/blogsaverroes.juntadeandalucia.es\/ceipsilos\/wp-json\/wp\/v2\/types\/post"}],"author":[{"embeddable":true,"href":"https:\/\/blogsaverroes.juntadeandalucia.es\/ceipsilos\/wp-json\/wp\/v2\/users\/5518"}],"replies":[{"embeddable":true,"href":"https:\/\/blogsaverroes.juntadeandalucia.es\/ceipsilos\/wp-json\/wp\/v2\/comments?post=3626"}],"version-history":[{"count":1,"href":"https:\/\/blogsaverroes.juntadeandalucia.es\/ceipsilos\/wp-json\/wp\/v2\/posts\/3626\/revisions"}],"predecessor-version":[{"id":3627,"href":"https:\/\/blogsaverroes.juntadeandalucia.es\/ceipsilos\/wp-json\/wp\/v2\/posts\/3626\/revisions\/3627"}],"wp:attachment":[{"href":"https:\/\/blogsaverroes.juntadeandalucia.es\/ceipsilos\/wp-json\/wp\/v2\/media?parent=3626"}],"wp:term":[{"taxonomy":"category","embeddable":true,"href":"https:\/\/blogsaverroes.juntadeandalucia.es\/ceipsilos\/wp-json\/wp\/v2\/categories?post=3626"},{"taxonomy":"post_tag","embeddable":true,"href":"https:\/\/blogsaverroes.juntadeandalucia.es\/ceipsilos\/wp-json\/wp\/v2\/tags?post=3626"}],"curies":[{"name":"wp","href":"https:\/\/api.w.org\/{rel}","templated":true}]}}