{"id":3752,"date":"2022-09-06T08:58:59","date_gmt":"2022-09-06T08:58:59","guid":{"rendered":"https:\/\/blogsaverroes.juntadeandalucia.es\/ceipsilos\/?p=3752"},"modified":"2022-09-06T08:58:59","modified_gmt":"2022-09-06T08:58:59","slug":"inicio-comedor-escolar-2","status":"publish","type":"post","link":"https:\/\/blogsaverroes.juntadeandalucia.es\/ceipsilos\/inicio-comedor-escolar-2\/","title":{"rendered":"INICIO COMEDOR ESCOLAR"},"content":{"rendered":"<p>Estimadas familias:<\/p>\n<p>Les informamos que el comedor escolar comenzar\u00e1 el&nbsp;<strong> LUNES 12 DE SEPTIEMBRE.<\/strong><\/p>\n<p>Los alumnos se recoger\u00e1n a las 15:00 h o a las 15:45 h por la puerta situada en c\/Castillo de Marchenilla.<\/p>\n<p>Adjuntamos circular informativa de la empresa adjudicataria. En el apartado \u00abCambios de compromiso\u00bb la comunicaci\u00f3n a la empresa se realizar\u00e1 al correo electr\u00f3nico <a href=\"mailto:andaluciafacturacion@aramark.es\">andaluciafacturacion@aramark.es<\/a><\/p>\n<p>Asimismo, adjuntamos hoja de datos del alumnado ususario del comedor. Rogamos devuelvan lo antes posible la hoja de datos al tutor de su hijo. En caso de padecer alergia o intolerancia alimentaria debe acompa\u00f1arse la hoja de datos con el informe m\u00e9dico correspondiente.<\/p>\n<p>Para m\u00e1s informaci\u00f3n estamos a su disposici\u00f3n en Secretar\u00eda.<\/p>\n<p>Muchas gracias por su colaboraci\u00f3n.<\/p>\n<p><a href=\"https:\/\/drive.google.com\/file\/d\/1pFITM0dr1aj69U948_TAKVlA2FPBxGYi\/view?usp=sharing\" target=\"_blank\" rel=\"noopener noreferrer\">CIRCULAR DE LA EMPRESA CURSO 2022\/2023<\/a><\/p>\n<p><a href=\"https:\/\/drive.google.com\/file\/d\/1cVBFVjZbJ0RG755HIDvU_YfNVmD5ngFz\/view?usp=sharing\" target=\"_blank\" rel=\"noopener noreferrer\">HOJA DE DATOS<\/a><\/p>\n","protected":false},"excerpt":{"rendered":"<p>Estimadas familias: Les informamos que el comedor escolar comenzar\u00e1 el&nbsp; LUNES 12 DE SEPTIEMBRE. Los alumnos se recoger\u00e1n a las 15:00 h o a las 15:45 h por la puerta situada en c\/Castillo de Marchenilla. Adjuntamos circular informativa de la empresa adjudicataria. En el apartado \u00abCambios de compromiso\u00bb la comunicaci\u00f3n a la empresa se realizar\u00e1 &hellip; <\/p>\n<p><a class=\"more-link btn\" href=\"https:\/\/blogsaverroes.juntadeandalucia.es\/ceipsilos\/inicio-comedor-escolar-2\/\">Seguir leyendo<\/a><\/p>\n","protected":false},"author":5518,"featured_media":0,"comment_status":"closed","ping_status":"closed","sticky":false,"template":"","format":"standard","meta":{"ngg_post_thumbnail":0,"footnotes":""},"categories":[526],"tags":[],"aioseo_notices":[],"_links":{"self":[{"href":"https:\/\/blogsaverroes.juntadeandalucia.es\/ceipsilos\/wp-json\/wp\/v2\/posts\/3752"}],"collection":[{"href":"https:\/\/blogsaverroes.juntadeandalucia.es\/ceipsilos\/wp-json\/wp\/v2\/posts"}],"about":[{"href":"https:\/\/blogsaverroes.juntadeandalucia.es\/ceipsilos\/wp-json\/wp\/v2\/types\/post"}],"author":[{"embeddable":true,"href":"https:\/\/blogsaverroes.juntadeandalucia.es\/ceipsilos\/wp-json\/wp\/v2\/users\/5518"}],"replies":[{"embeddable":true,"href":"https:\/\/blogsaverroes.juntadeandalucia.es\/ceipsilos\/wp-json\/wp\/v2\/comments?post=3752"}],"version-history":[{"count":1,"href":"https:\/\/blogsaverroes.juntadeandalucia.es\/ceipsilos\/wp-json\/wp\/v2\/posts\/3752\/revisions"}],"predecessor-version":[{"id":3753,"href":"https:\/\/blogsaverroes.juntadeandalucia.es\/ceipsilos\/wp-json\/wp\/v2\/posts\/3752\/revisions\/3753"}],"wp:attachment":[{"href":"https:\/\/blogsaverroes.juntadeandalucia.es\/ceipsilos\/wp-json\/wp\/v2\/media?parent=3752"}],"wp:term":[{"taxonomy":"category","embeddable":true,"href":"https:\/\/blogsaverroes.juntadeandalucia.es\/ceipsilos\/wp-json\/wp\/v2\/categories?post=3752"},{"taxonomy":"post_tag","embeddable":true,"href":"https:\/\/blogsaverroes.juntadeandalucia.es\/ceipsilos\/wp-json\/wp\/v2\/tags?post=3752"}],"curies":[{"name":"wp","href":"https:\/\/api.w.org\/{rel}","templated":true}]}}