{"id":3827,"date":"2022-12-13T10:53:49","date_gmt":"2022-12-13T10:53:49","guid":{"rendered":"https:\/\/blogsaverroes.juntadeandalucia.es\/ceipsilos\/?p=3827"},"modified":"2022-12-13T10:53:49","modified_gmt":"2022-12-13T10:53:49","slug":"charlas-policia-nacional","status":"publish","type":"post","link":"https:\/\/blogsaverroes.juntadeandalucia.es\/ceipsilos\/charlas-policia-nacional\/","title":{"rendered":"CHARLAS POLIC\u00cdA NACIONAL"},"content":{"rendered":"<p>Durante tres mi\u00e9rcoles del mes de noviembre, hemos contado con dos miembros del cuerpo Nacional de Polic\u00eda para impartir en las clases de 6\u00ba un curso sobre la seguridad en internet, bullying y violencia de g\u00e9nero.<\/p>\n<p>Durante el mes de diciembre se completara la formaci\u00f3n con una charla informativa a los tutores legales del alumnado de 4\u00ba, 5\u00ba y 6\u00ba de E. Primaria.<\/p>\n<p>Charlas Polic\u00eda Nacional<\/p>\n","protected":false},"excerpt":{"rendered":"<p>Durante tres mi\u00e9rcoles del mes de noviembre, hemos contado con dos miembros del cuerpo Nacional de Polic\u00eda para impartir en las clases de 6\u00ba un curso sobre la seguridad en internet, bullying y violencia de g\u00e9nero. Durante el mes de diciembre se completara la formaci\u00f3n con una charla informativa a los tutores legales del alumnado &hellip; <\/p>\n<p><a class=\"more-link btn\" href=\"https:\/\/blogsaverroes.juntadeandalucia.es\/ceipsilos\/charlas-policia-nacional\/\">Seguir leyendo<\/a><\/p>\n","protected":false},"author":5518,"featured_media":0,"comment_status":"closed","ping_status":"closed","sticky":false,"template":"","format":"standard","meta":{"ngg_post_thumbnail":0,"footnotes":""},"categories":[526],"tags":[],"aioseo_notices":[],"_links":{"self":[{"href":"https:\/\/blogsaverroes.juntadeandalucia.es\/ceipsilos\/wp-json\/wp\/v2\/posts\/3827"}],"collection":[{"href":"https:\/\/blogsaverroes.juntadeandalucia.es\/ceipsilos\/wp-json\/wp\/v2\/posts"}],"about":[{"href":"https:\/\/blogsaverroes.juntadeandalucia.es\/ceipsilos\/wp-json\/wp\/v2\/types\/post"}],"author":[{"embeddable":true,"href":"https:\/\/blogsaverroes.juntadeandalucia.es\/ceipsilos\/wp-json\/wp\/v2\/users\/5518"}],"replies":[{"embeddable":true,"href":"https:\/\/blogsaverroes.juntadeandalucia.es\/ceipsilos\/wp-json\/wp\/v2\/comments?post=3827"}],"version-history":[{"count":1,"href":"https:\/\/blogsaverroes.juntadeandalucia.es\/ceipsilos\/wp-json\/wp\/v2\/posts\/3827\/revisions"}],"predecessor-version":[{"id":3828,"href":"https:\/\/blogsaverroes.juntadeandalucia.es\/ceipsilos\/wp-json\/wp\/v2\/posts\/3827\/revisions\/3828"}],"wp:attachment":[{"href":"https:\/\/blogsaverroes.juntadeandalucia.es\/ceipsilos\/wp-json\/wp\/v2\/media?parent=3827"}],"wp:term":[{"taxonomy":"category","embeddable":true,"href":"https:\/\/blogsaverroes.juntadeandalucia.es\/ceipsilos\/wp-json\/wp\/v2\/categories?post=3827"},{"taxonomy":"post_tag","embeddable":true,"href":"https:\/\/blogsaverroes.juntadeandalucia.es\/ceipsilos\/wp-json\/wp\/v2\/tags?post=3827"}],"curies":[{"name":"wp","href":"https:\/\/api.w.org\/{rel}","templated":true}]}}