{"id":3857,"date":"2023-02-13T10:29:55","date_gmt":"2023-02-13T10:29:55","guid":{"rendered":"https:\/\/blogsaverroes.juntadeandalucia.es\/ceipsilos\/?p=3857"},"modified":"2023-02-13T10:30:14","modified_gmt":"2023-02-13T10:30:14","slug":"dia-de-la-paz-6","status":"publish","type":"post","link":"https:\/\/blogsaverroes.juntadeandalucia.es\/ceipsilos\/dia-de-la-paz-6\/","title":{"rendered":"D\u00cdA DE LA PAZ"},"content":{"rendered":"<p>El pasado lunes 30 de enero celebramos en el centro el D\u00eda de la Paz.<\/p>\n<p>Se realizaron diferentes actividades:<\/p>\n<ul>\n<li><strong>\u201cRamo de la Paz\u201d<\/strong>: Actividad en la que ha participado todo el alumnado del centro. Consistente en la elaboraci\u00f3n del cuadro de Picasso \u201cRamo de la Paz\u201d.<\/li>\n<li><strong>\u201cCanci\u00f3n por la Paz\u201d<\/strong>: Se trabaj\u00f3 en clase la canci\u00f3n <strong>\u201cLibertad\u201d<\/strong> de Nil Moliner. En el patio de Primaria&nbsp; el alumnado del centro cant\u00f3 y bail\u00f3 la canci\u00f3n.<\/li>\n<li><strong>Banda sonora de la Paz<\/strong>: Durante la semana del D\u00eda de la Paz se han reproducido piezas musicales relacionadas con esta tem\u00e1tica.<\/li>\n<li><strong>Desayuno en convivencia<\/strong>: El A.M.P.A. invit\u00f3 a todos los alumnos del centro a desayunar chocolate con churros.<\/li>\n<li><strong>Acto com\u00fan del centro: <\/strong>En el patio de E. Primaria se ley\u00f3 un manifiesto por la Paz elaborado por el alumnado de 6\u00ba curso. Asimismo, cada clase comparti\u00f3 un mensaje o lema por la Paz trabajado por nuestro alumnado. Para simbolizar este d\u00eda se realiz\u00f3 una liberaci\u00f3n de palomas, gracias a la colaboraci\u00f3n de padres del centro.<\/li>\n<li><strong>&nbsp;\u201cIII Festival de cortometrajes\u201d:<\/strong> La \u00faltima hora del d\u00eda, el colegio se transform\u00f3 en un multicines. En las diferentes clases del centro se proyectaron cortometrajes adecuados a las edades del alumnado. Para poder asistir a las sesiones&nbsp; sacaron la entrada correspondiente en las taquillas habilitadas. Tras la reproducci\u00f3n de los cortometrajes se realizar\u00f3 un peque\u00f1o debate.<\/li>\n<\/ul>\n<p><a href=\"https:\/\/drive.google.com\/drive\/folders\/1--V5JalgbjpUR0Gn3wBWjwteQUKpvrK-?usp=sharing\" target=\"_blank\" rel=\"noopener noreferrer\">D\u00eda de la Paz<\/a><\/p>\n","protected":false},"excerpt":{"rendered":"<p>El pasado lunes 30 de enero celebramos en el centro el D\u00eda de la Paz. Se realizaron diferentes actividades: \u201cRamo de la Paz\u201d: Actividad en la que ha participado todo el alumnado del centro. Consistente en la elaboraci\u00f3n del cuadro de Picasso \u201cRamo de la Paz\u201d. \u201cCanci\u00f3n por la Paz\u201d: Se trabaj\u00f3 en clase la &hellip; <\/p>\n<p><a class=\"more-link btn\" href=\"https:\/\/blogsaverroes.juntadeandalucia.es\/ceipsilos\/dia-de-la-paz-6\/\">Seguir leyendo<\/a><\/p>\n","protected":false},"author":5518,"featured_media":0,"comment_status":"closed","ping_status":"closed","sticky":false,"template":"","format":"standard","meta":{"ngg_post_thumbnail":0,"footnotes":""},"categories":[526],"tags":[],"aioseo_notices":[],"_links":{"self":[{"href":"https:\/\/blogsaverroes.juntadeandalucia.es\/ceipsilos\/wp-json\/wp\/v2\/posts\/3857"}],"collection":[{"href":"https:\/\/blogsaverroes.juntadeandalucia.es\/ceipsilos\/wp-json\/wp\/v2\/posts"}],"about":[{"href":"https:\/\/blogsaverroes.juntadeandalucia.es\/ceipsilos\/wp-json\/wp\/v2\/types\/post"}],"author":[{"embeddable":true,"href":"https:\/\/blogsaverroes.juntadeandalucia.es\/ceipsilos\/wp-json\/wp\/v2\/users\/5518"}],"replies":[{"embeddable":true,"href":"https:\/\/blogsaverroes.juntadeandalucia.es\/ceipsilos\/wp-json\/wp\/v2\/comments?post=3857"}],"version-history":[{"count":2,"href":"https:\/\/blogsaverroes.juntadeandalucia.es\/ceipsilos\/wp-json\/wp\/v2\/posts\/3857\/revisions"}],"predecessor-version":[{"id":3859,"href":"https:\/\/blogsaverroes.juntadeandalucia.es\/ceipsilos\/wp-json\/wp\/v2\/posts\/3857\/revisions\/3859"}],"wp:attachment":[{"href":"https:\/\/blogsaverroes.juntadeandalucia.es\/ceipsilos\/wp-json\/wp\/v2\/media?parent=3857"}],"wp:term":[{"taxonomy":"category","embeddable":true,"href":"https:\/\/blogsaverroes.juntadeandalucia.es\/ceipsilos\/wp-json\/wp\/v2\/categories?post=3857"},{"taxonomy":"post_tag","embeddable":true,"href":"https:\/\/blogsaverroes.juntadeandalucia.es\/ceipsilos\/wp-json\/wp\/v2\/tags?post=3857"}],"curies":[{"name":"wp","href":"https:\/\/api.w.org\/{rel}","templated":true}]}}