{"id":3961,"date":"2023-09-05T08:52:01","date_gmt":"2023-09-05T08:52:01","guid":{"rendered":"https:\/\/blogsaverroes.juntadeandalucia.es\/ceipsilos\/?p=3961"},"modified":"2023-09-07T17:10:35","modified_gmt":"2023-09-07T17:10:35","slug":"inicio-comedor-escolar-3","status":"publish","type":"post","link":"https:\/\/blogsaverroes.juntadeandalucia.es\/ceipsilos\/inicio-comedor-escolar-3\/","title":{"rendered":"INICIO COMEDOR ESCOLAR"},"content":{"rendered":"<p>Estimadas familias:<\/p>\n<p>Les informamos que el comedor escolar comenzar\u00e1 el pr\u00f3ximo <strong>LUNES 11 DE SEPTIEMBRE<\/strong> en horario de 14 a 16 horas.<\/p>\n<p>Pueden recoger a sus hijos por la puerta adjunta al edificio del comedor en la c\/ Castillo de Marchenilla en alguno de los tres turnos organizados para ello:<\/p>\n<p>&#8211; Primer turno a las 15:00 horas.<\/p>\n<p>&#8211; Segundo turno a las 15:20 horas.<\/p>\n<p>&#8211; Tercer turno a las 15:40<\/p>\n<p>Adjuntamos circular informativa de la empresa adjudicataria.<\/p>\n<p>Para que la empresa no cobre los d\u00edas de ausencia de su hij@ al comedor, recomendamos que presten especial atenci\u00f3n a los apartados \u00abCambios de compromisos\u00bb y \u00abAusencias\u00bb.<\/p>\n<p>En el apartado \u00abCambios de compromiso\u00bb, la comunicaci\u00f3n se presentar\u00e1 primero en la Secretar\u00eda del colegio y posteriormente se enviar\u00e1 a la empresa al correo electr\u00f3nico <a href=\"mailto:andaluciafacturacion@aramark.es\" target=\"_blank\" rel=\"noopener noreferrer\">andaluciafacturacion@aramark.es<\/a><\/p>\n<p>Asimismo, adjuntamos hoja de datos del alumnado usuario del comedor. Rogamos devuelvan lo antes posible la hoja de datos al tutor de su hijo. En caso de padecer alergia o intolerancia alimentaria debe acompa\u00f1arse la hoja de datos con el informe m\u00e9dico correspondiente.<\/p>\n<p>Para m\u00e1s informaci\u00f3n estamos a su disposici\u00f3n en Secretar\u00eda.<\/p>\n<p>Muchas gracias por su colaboraci\u00f3n.<\/p>\n<p><a href=\"https:\/\/drive.google.com\/file\/d\/1x0AUafCoxOl_OsOi00-K6Nb0A7EyzLhN\/view?usp=sharing\" target=\"_blank\" rel=\"noopener noreferrer\">CIRCULAR EMPRESA COMEDOR<\/a><\/p>\n<p><a href=\"https:\/\/drive.google.com\/file\/d\/1KaFp68YAjtdleePYN44KT0FeyCvJi-vj\/view?usp=sharing\" target=\"_blank\" rel=\"noopener noreferrer\">HOJA DE DATOS<\/a><\/p>\n<p>&nbsp;<\/p>\n","protected":false},"excerpt":{"rendered":"<p>Estimadas familias: Les informamos que el comedor escolar comenzar\u00e1 el pr\u00f3ximo LUNES 11 DE SEPTIEMBRE en horario de 14 a 16 horas. Pueden recoger a sus hijos por la puerta adjunta al edificio del comedor en la c\/ Castillo de Marchenilla en alguno de los tres turnos organizados para ello: &#8211; Primer turno a las &hellip; <\/p>\n<p><a class=\"more-link btn\" href=\"https:\/\/blogsaverroes.juntadeandalucia.es\/ceipsilos\/inicio-comedor-escolar-3\/\">Seguir leyendo<\/a><\/p>\n","protected":false},"author":5518,"featured_media":0,"comment_status":"closed","ping_status":"closed","sticky":false,"template":"","format":"standard","meta":{"ngg_post_thumbnail":0,"footnotes":""},"categories":[526],"tags":[],"aioseo_notices":[],"_links":{"self":[{"href":"https:\/\/blogsaverroes.juntadeandalucia.es\/ceipsilos\/wp-json\/wp\/v2\/posts\/3961"}],"collection":[{"href":"https:\/\/blogsaverroes.juntadeandalucia.es\/ceipsilos\/wp-json\/wp\/v2\/posts"}],"about":[{"href":"https:\/\/blogsaverroes.juntadeandalucia.es\/ceipsilos\/wp-json\/wp\/v2\/types\/post"}],"author":[{"embeddable":true,"href":"https:\/\/blogsaverroes.juntadeandalucia.es\/ceipsilos\/wp-json\/wp\/v2\/users\/5518"}],"replies":[{"embeddable":true,"href":"https:\/\/blogsaverroes.juntadeandalucia.es\/ceipsilos\/wp-json\/wp\/v2\/comments?post=3961"}],"version-history":[{"count":3,"href":"https:\/\/blogsaverroes.juntadeandalucia.es\/ceipsilos\/wp-json\/wp\/v2\/posts\/3961\/revisions"}],"predecessor-version":[{"id":3969,"href":"https:\/\/blogsaverroes.juntadeandalucia.es\/ceipsilos\/wp-json\/wp\/v2\/posts\/3961\/revisions\/3969"}],"wp:attachment":[{"href":"https:\/\/blogsaverroes.juntadeandalucia.es\/ceipsilos\/wp-json\/wp\/v2\/media?parent=3961"}],"wp:term":[{"taxonomy":"category","embeddable":true,"href":"https:\/\/blogsaverroes.juntadeandalucia.es\/ceipsilos\/wp-json\/wp\/v2\/categories?post=3961"},{"taxonomy":"post_tag","embeddable":true,"href":"https:\/\/blogsaverroes.juntadeandalucia.es\/ceipsilos\/wp-json\/wp\/v2\/tags?post=3961"}],"curies":[{"name":"wp","href":"https:\/\/api.w.org\/{rel}","templated":true}]}}