{"id":4025,"date":"2023-11-15T10:53:14","date_gmt":"2023-11-15T10:53:14","guid":{"rendered":"https:\/\/blogsaverroes.juntadeandalucia.es\/ceipsilos\/?p=4025"},"modified":"2023-11-15T10:53:14","modified_gmt":"2023-11-15T10:53:14","slug":"donana","status":"publish","type":"post","link":"https:\/\/blogsaverroes.juntadeandalucia.es\/ceipsilos\/donana\/","title":{"rendered":"DO\u00d1ANA"},"content":{"rendered":"<p>El pasado martes 7 de noviembre de 2023, los alumnos de 5\u00b0 y 6\u00ba pudieron disfrutar de un maravilloso d\u00eda en el Parque Nacional de Do\u00f1ana.<\/p>\n<div dir=\"auto\">&nbsp;<\/div>\n<div dir=\"auto\">All\u00ed visitamos el Palacio del Acebr\u00f3n, anduvimos por sus alrededores y disfrutamos de nuestro desayuno. M\u00e1s tarde subimos al Parque Dunar, d\u00f3nde encima de una gran duna, contemplamos el oc\u00e9ano Atl\u00e1ntico y la playa de Matalasca\u00f1as.<\/div>\n<div dir=\"auto\">&nbsp;<\/div>\n<div dir=\"auto\">Seguidamente nos trasladamos al Centro de visitantes El Acebuche, donde almorzamos y pudimos ver a un ciervo.<\/div>\n<div dir=\"auto\">&nbsp;<\/div>\n<div dir=\"auto\">Para finalizar visitamos la Aldea del Roc\u00edo, donde vimos las marismas y contemplamos con los prism\u00e1ticos diferentes especies de animales, tales como flamencos, caballos, esp\u00e1tulas entre otros.&nbsp;<\/div>\n<div dir=\"auto\">&nbsp;<\/div>\n<div dir=\"auto\">\u00a1Fue un d\u00eda maravilloso!<\/div>\n<div dir=\"auto\">&nbsp;<\/div>\n<div dir=\"auto\"><a href=\"https:\/\/drive.google.com\/drive\/folders\/1VjrDXn25PaQ1GYJaHFcH7uqGFVpXXaE-?usp=sharing\" target=\"_blank\" rel=\"noopener noreferrer\">Do\u00f1ana<\/a><\/div>\n","protected":false},"excerpt":{"rendered":"<p>El pasado martes 7 de noviembre de 2023, los alumnos de 5\u00b0 y 6\u00ba pudieron disfrutar de un maravilloso d\u00eda en el Parque Nacional de Do\u00f1ana. &nbsp; All\u00ed visitamos el Palacio del Acebr\u00f3n, anduvimos por sus alrededores y disfrutamos de nuestro desayuno. M\u00e1s tarde subimos al Parque Dunar, d\u00f3nde encima de una gran duna, contemplamos &hellip; <\/p>\n<p><a class=\"more-link btn\" href=\"https:\/\/blogsaverroes.juntadeandalucia.es\/ceipsilos\/donana\/\">Seguir leyendo<\/a><\/p>\n","protected":false},"author":5518,"featured_media":0,"comment_status":"closed","ping_status":"closed","sticky":false,"template":"","format":"standard","meta":{"ngg_post_thumbnail":0,"footnotes":""},"categories":[526],"tags":[],"aioseo_notices":[],"_links":{"self":[{"href":"https:\/\/blogsaverroes.juntadeandalucia.es\/ceipsilos\/wp-json\/wp\/v2\/posts\/4025"}],"collection":[{"href":"https:\/\/blogsaverroes.juntadeandalucia.es\/ceipsilos\/wp-json\/wp\/v2\/posts"}],"about":[{"href":"https:\/\/blogsaverroes.juntadeandalucia.es\/ceipsilos\/wp-json\/wp\/v2\/types\/post"}],"author":[{"embeddable":true,"href":"https:\/\/blogsaverroes.juntadeandalucia.es\/ceipsilos\/wp-json\/wp\/v2\/users\/5518"}],"replies":[{"embeddable":true,"href":"https:\/\/blogsaverroes.juntadeandalucia.es\/ceipsilos\/wp-json\/wp\/v2\/comments?post=4025"}],"version-history":[{"count":1,"href":"https:\/\/blogsaverroes.juntadeandalucia.es\/ceipsilos\/wp-json\/wp\/v2\/posts\/4025\/revisions"}],"predecessor-version":[{"id":4026,"href":"https:\/\/blogsaverroes.juntadeandalucia.es\/ceipsilos\/wp-json\/wp\/v2\/posts\/4025\/revisions\/4026"}],"wp:attachment":[{"href":"https:\/\/blogsaverroes.juntadeandalucia.es\/ceipsilos\/wp-json\/wp\/v2\/media?parent=4025"}],"wp:term":[{"taxonomy":"category","embeddable":true,"href":"https:\/\/blogsaverroes.juntadeandalucia.es\/ceipsilos\/wp-json\/wp\/v2\/categories?post=4025"},{"taxonomy":"post_tag","embeddable":true,"href":"https:\/\/blogsaverroes.juntadeandalucia.es\/ceipsilos\/wp-json\/wp\/v2\/tags?post=4025"}],"curies":[{"name":"wp","href":"https:\/\/api.w.org\/{rel}","templated":true}]}}