{"id":3308,"date":"2023-05-03T17:18:25","date_gmt":"2023-05-03T17:18:25","guid":{"rendered":"https:\/\/blogsaverroes.juntadeandalucia.es\/ceipsimonfuentes\/?p=3308"},"modified":"2023-05-03T17:30:26","modified_gmt":"2023-05-03T17:30:26","slug":"carnaval-2023","status":"publish","type":"post","link":"https:\/\/blogsaverroes.juntadeandalucia.es\/ceipsimonfuentes\/2023\/05\/03\/carnaval-2023\/","title":{"rendered":"CARNAVAL 2023"},"content":{"rendered":"<p>CARNAVAL CARNAVAL,<\/p>\n<p>Aqu\u00ed os dejamos un video con algunas de las im\u00e1genes de nuestro Carnaval 2023, donde la tem\u00e1tica gir\u00f3 en torno a la igualdad y aceptaci\u00f3n de las diferencias, con el lema \u00abPara gustos los colores\u00bb, porque qu\u00e9 mejor manera de celebrar que esta. <\/p>\n<p>!Qu\u00e9 viva el carnaval\u00a1<\/p>\n<div style=\"width:fit-content;height:fit-content\">\n            <a href=\"https:\/\/clipchamp.com\/watch\/fhg33pPTY9o?utm_source=embed&amp;utm_medium=embed&amp;utm_campaign=watch\"><br \/>\n                <img decoding=\"async\" style=\"height:22px\" src=\"https:\/\/clipchamp.com\/e.svg\" alt=\"Made with Clipchamp\" \/><br \/>\n            <\/a><br \/>\n            <iframe loading=\"lazy\" src=\"https:\/\/clipchamp.com\/watch\/fhg33pPTY9o\/embed\" width=\"940\" height=\"660\"><\/iframe>\n        <\/div>\n<!--themify_builder_content-->\n<div id=\"themify_builder_content-3308\" data-postid=\"3308\" class=\"themify_builder_content themify_builder_content-3308 themify_builder tf_clear\">\n    <\/div>\n<!--\/themify_builder_content-->\n","protected":false},"excerpt":{"rendered":"<p>CARNAVAL CARNAVAL, Aqu\u00ed os dejamos un video con algunas de las im\u00e1genes de nuestro Carnaval 2023, donde la tem\u00e1tica gir\u00f3 en torno a la igualdad y aceptaci\u00f3n de las diferencias, con el lema \u00abPara gustos los colores\u00bb, porque qu\u00e9 mejor manera de celebrar que esta. !Qu\u00e9 viva el carnaval\u00a1<\/p>\n","protected":false},"author":7446,"featured_media":3312,"comment_status":"open","ping_status":"open","sticky":false,"template":"","format":"standard","meta":{"ngg_post_thumbnail":0,"footnotes":""},"categories":[1940741],"tags":[],"aioseo_notices":[],"_links":{"self":[{"href":"https:\/\/blogsaverroes.juntadeandalucia.es\/ceipsimonfuentes\/wp-json\/wp\/v2\/posts\/3308"}],"collection":[{"href":"https:\/\/blogsaverroes.juntadeandalucia.es\/ceipsimonfuentes\/wp-json\/wp\/v2\/posts"}],"about":[{"href":"https:\/\/blogsaverroes.juntadeandalucia.es\/ceipsimonfuentes\/wp-json\/wp\/v2\/types\/post"}],"author":[{"embeddable":true,"href":"https:\/\/blogsaverroes.juntadeandalucia.es\/ceipsimonfuentes\/wp-json\/wp\/v2\/users\/7446"}],"replies":[{"embeddable":true,"href":"https:\/\/blogsaverroes.juntadeandalucia.es\/ceipsimonfuentes\/wp-json\/wp\/v2\/comments?post=3308"}],"version-history":[{"count":7,"href":"https:\/\/blogsaverroes.juntadeandalucia.es\/ceipsimonfuentes\/wp-json\/wp\/v2\/posts\/3308\/revisions"}],"predecessor-version":[{"id":3318,"href":"https:\/\/blogsaverroes.juntadeandalucia.es\/ceipsimonfuentes\/wp-json\/wp\/v2\/posts\/3308\/revisions\/3318"}],"wp:featuredmedia":[{"embeddable":true,"href":"https:\/\/blogsaverroes.juntadeandalucia.es\/ceipsimonfuentes\/wp-json\/wp\/v2\/media\/3312"}],"wp:attachment":[{"href":"https:\/\/blogsaverroes.juntadeandalucia.es\/ceipsimonfuentes\/wp-json\/wp\/v2\/media?parent=3308"}],"wp:term":[{"taxonomy":"category","embeddable":true,"href":"https:\/\/blogsaverroes.juntadeandalucia.es\/ceipsimonfuentes\/wp-json\/wp\/v2\/categories?post=3308"},{"taxonomy":"post_tag","embeddable":true,"href":"https:\/\/blogsaverroes.juntadeandalucia.es\/ceipsimonfuentes\/wp-json\/wp\/v2\/tags?post=3308"}],"curies":[{"name":"wp","href":"https:\/\/api.w.org\/{rel}","templated":true}]}}