{"id":2244,"date":"2020-02-23T20:57:00","date_gmt":"2020-02-23T20:57:00","guid":{"rendered":""},"modified":"2021-01-04T15:11:39","modified_gmt":"2021-01-04T15:11:39","slug":"pasacalles","status":"publish","type":"post","link":"https:\/\/blogsaverroes.juntadeandalucia.es\/ceipsjcalasanz\/pasacalles\/","title":{"rendered":"Pasacalles"},"content":{"rendered":"<div style=\"text-align: justify\"><span style=\"font-size: large\">El viernes 21 celebramos la entrada del carnaval en nuestra localidad con el tradicional pasacalles de que Guarder\u00eda y Colegio realizan cada a\u00f1o. Este curso, el alumnado de nuestro centro que ha participado ha sido Infantil y primer ciclo de primaria.&nbsp;<\/span><\/div>\n<div style=\"text-align: justify\"><span style=\"font-size: large\">Los disfraces de los ni\u00f1os llevaron la tem\u00e1tica deportiva, por la pr\u00f3xima celebraci\u00f3n de las V olimpiadas escolares.<\/span><\/div>\n<div style=\"clear: both;text-align: center\"><a href=\"https:\/\/blogsaverroes.juntadeandalucia.es\/ceipsjcalasanz\/files\/2020\/02\/IMG_7954.jpg\" style=\"margin-left: 1em;margin-right: 1em\"><img loading=\"lazy\" decoding=\"async\" border=\"0\" data-original-height=\"1067\" data-original-width=\"1600\" height=\"426\" src=\"https:\/\/blogsaverroes.juntadeandalucia.es\/ceipsjcalasanz\/files\/2020\/02\/IMG_7954-300x200.jpg\" width=\"640\" \/><\/a><\/div>\n","protected":false},"excerpt":{"rendered":"<p>El viernes 21 celebramos la entrada del carnaval en nuestra localidad con el tradicional pasacalles de que Guarder\u00eda y Colegio realizan cada a\u00f1o. Este curso, el alumnado de nuestro centro que ha participado ha sido Infantil y primer ciclo de primaria.&nbsp; Los disfraces de los ni\u00f1os llevaron la tem\u00e1tica deportiva, por la pr\u00f3xima celebraci\u00f3n de las V olimpiadas escolares.<\/p>\n","protected":false},"author":11180,"featured_media":2751,"comment_status":"open","ping_status":"open","sticky":false,"template":"","format":"standard","meta":{"ngg_post_thumbnail":0,"footnotes":""},"categories":[2351673,2351674],"tags":[],"aioseo_notices":[],"_links":{"self":[{"href":"https:\/\/blogsaverroes.juntadeandalucia.es\/ceipsjcalasanz\/wp-json\/wp\/v2\/posts\/2244"}],"collection":[{"href":"https:\/\/blogsaverroes.juntadeandalucia.es\/ceipsjcalasanz\/wp-json\/wp\/v2\/posts"}],"about":[{"href":"https:\/\/blogsaverroes.juntadeandalucia.es\/ceipsjcalasanz\/wp-json\/wp\/v2\/types\/post"}],"author":[{"embeddable":true,"href":"https:\/\/blogsaverroes.juntadeandalucia.es\/ceipsjcalasanz\/wp-json\/wp\/v2\/users\/11180"}],"replies":[{"embeddable":true,"href":"https:\/\/blogsaverroes.juntadeandalucia.es\/ceipsjcalasanz\/wp-json\/wp\/v2\/comments?post=2244"}],"version-history":[{"count":1,"href":"https:\/\/blogsaverroes.juntadeandalucia.es\/ceipsjcalasanz\/wp-json\/wp\/v2\/posts\/2244\/revisions"}],"predecessor-version":[{"id":2752,"href":"https:\/\/blogsaverroes.juntadeandalucia.es\/ceipsjcalasanz\/wp-json\/wp\/v2\/posts\/2244\/revisions\/2752"}],"wp:featuredmedia":[{"embeddable":true,"href":"https:\/\/blogsaverroes.juntadeandalucia.es\/ceipsjcalasanz\/wp-json\/wp\/v2\/media\/2751"}],"wp:attachment":[{"href":"https:\/\/blogsaverroes.juntadeandalucia.es\/ceipsjcalasanz\/wp-json\/wp\/v2\/media?parent=2244"}],"wp:term":[{"taxonomy":"category","embeddable":true,"href":"https:\/\/blogsaverroes.juntadeandalucia.es\/ceipsjcalasanz\/wp-json\/wp\/v2\/categories?post=2244"},{"taxonomy":"post_tag","embeddable":true,"href":"https:\/\/blogsaverroes.juntadeandalucia.es\/ceipsjcalasanz\/wp-json\/wp\/v2\/tags?post=2244"}],"curies":[{"name":"wp","href":"https:\/\/api.w.org\/{rel}","templated":true}]}}