{"id":2267,"date":"2019-04-09T18:52:00","date_gmt":"2019-04-09T18:52:00","guid":{"rendered":"https:\/\/blogsaverroes.juntadeandalucia.es\/ceipsjcalasanz\/la-banda-en-nuestros-centro\/"},"modified":"2019-04-09T18:52:00","modified_gmt":"2019-04-09T18:52:00","slug":"la-banda-en-nuestros-centro","status":"publish","type":"post","link":"https:\/\/blogsaverroes.juntadeandalucia.es\/ceipsjcalasanz\/la-banda-en-nuestros-centro\/","title":{"rendered":"LA BANDA EN NUESTROS CENTRO"},"content":{"rendered":"<p>El programa infantil televisivo de Canal Sur ha visitado nuestro colegio. Los alumnos y alumnas del CEIP San Jos\u00e9 de Calasanz disfrutaron y expusieron sus capacidades ante las c\u00e1maras de Canal Sur.<br \/>En los enlaces siguientes pueden ver los v\u00eddeos.<br \/><a href=\"http:\/\/www.canalsur.es\/television\/programas\/la-banda\/detalle\/152.html?video=1416265&amp;sec=\" target=\"_blank\" rel=\"noopener noreferrer\">La banda en el coleII<\/a><\/p>\n<div style=\"clear: both;text-align: center\"><a href=\"https:\/\/1.bp.blogspot.com\/-Xlg2bT0sVSo\/XKzss2f6bTI\/AAAAAAAAENM\/G_VyESIJ9UITAapbLOIevt2U1we5sacigCLcBGAs\/s1600\/IMG_20190409_210112.jpg\" style=\"clear: left;float: left;margin-bottom: 1em;margin-right: 1em\"><img loading=\"lazy\" decoding=\"async\" border=\"0\" data-original-height=\"1200\" data-original-width=\"1600\" height=\"150\" src=\"https:\/\/1.bp.blogspot.com\/-Xlg2bT0sVSo\/XKzss2f6bTI\/AAAAAAAAENM\/G_VyESIJ9UITAapbLOIevt2U1we5sacigCLcBGAs\/s200\/IMG_20190409_210112.jpg\" width=\"200\" \/><\/a><\/div>\n<p><a href=\"https:\/\/1.bp.blogspot.com\/-gsL-TyI95dw\/XKzszlgx3cI\/AAAAAAAAENQ\/Lbigqfj-s_QU8cCt7mWiO6rCik8sjEqhgCLcBGAs\/s1600\/IMG_20190409_210134.jpg\" style=\"margin-left: 1em;margin-right: 1em\"><img loading=\"lazy\" decoding=\"async\" border=\"0\" data-original-height=\"1200\" data-original-width=\"1600\" height=\"150\" src=\"https:\/\/1.bp.blogspot.com\/-gsL-TyI95dw\/XKzszlgx3cI\/AAAAAAAAENQ\/Lbigqfj-s_QU8cCt7mWiO6rCik8sjEqhgCLcBGAs\/s200\/IMG_20190409_210134.jpg\" width=\"200\" \/><\/a> <\/p>\n<p><a href=\"http:\/\/www.canalsur.es\/television\/programas\/la-banda\/detalle\/152.html?video=1416177&amp;sec=\" target=\"_blank\" rel=\"noopener noreferrer\">&nbsp;&nbsp;&nbsp;&nbsp;&nbsp;&nbsp;&nbsp;&nbsp;&nbsp;&nbsp;&nbsp;&nbsp;&nbsp;&nbsp;&nbsp;&nbsp;&nbsp;&nbsp;&nbsp;&nbsp;&nbsp;&nbsp;&nbsp;&nbsp;&nbsp;&nbsp;&nbsp;&nbsp;&nbsp;&nbsp;&nbsp;&nbsp;&nbsp;&nbsp;&nbsp;&nbsp;&nbsp;&nbsp;&nbsp;&nbsp;&nbsp;&nbsp;&nbsp;&nbsp;&nbsp;&nbsp;&nbsp;&nbsp;&nbsp;&nbsp;&nbsp;&nbsp;&nbsp;&nbsp;&nbsp;&nbsp;&nbsp;&nbsp;&nbsp;&nbsp;&nbsp;&nbsp;&nbsp;&nbsp;&nbsp;&nbsp; La banda en el cole II<\/a><\/p>\n","protected":false},"excerpt":{"rendered":"<p>El programa infantil televisivo de Canal Sur ha visitado nuestro colegio. Los alumnos y alumnas del CEIP San Jos\u00e9 de Calasanz disfrutaron y expusieron sus capacidades ante las c\u00e1maras de Canal Sur.En los enlaces siguientes pueden ver los v\u00eddeos.La banda en el coleII &nbsp;&nbsp;&nbsp;&nbsp;&nbsp;&nbsp;&nbsp;&nbsp;&nbsp;&nbsp;&nbsp;&nbsp;&nbsp;&nbsp;&nbsp;&nbsp;&nbsp;&nbsp;&nbsp;&nbsp;&nbsp;&nbsp;&nbsp;&nbsp;&nbsp;&nbsp;&nbsp;&nbsp;&nbsp;&nbsp;&nbsp;&nbsp;&nbsp;&nbsp;&nbsp;&nbsp;&nbsp;&nbsp;&nbsp;&nbsp;&nbsp;&nbsp;&nbsp;&nbsp;&nbsp;&nbsp;&nbsp;&nbsp;&nbsp;&nbsp;&nbsp;&nbsp;&nbsp;&nbsp;&nbsp;&nbsp;&nbsp;&nbsp;&nbsp;&nbsp;&nbsp;&nbsp;&nbsp;&nbsp;&nbsp;&nbsp; La banda en el cole II<\/p>\n","protected":false},"author":11180,"featured_media":0,"comment_status":"open","ping_status":"open","sticky":false,"template":"","format":"standard","meta":{"ngg_post_thumbnail":0,"footnotes":""},"categories":[2351687,2351688],"tags":[],"aioseo_notices":[],"_links":{"self":[{"href":"https:\/\/blogsaverroes.juntadeandalucia.es\/ceipsjcalasanz\/wp-json\/wp\/v2\/posts\/2267"}],"collection":[{"href":"https:\/\/blogsaverroes.juntadeandalucia.es\/ceipsjcalasanz\/wp-json\/wp\/v2\/posts"}],"about":[{"href":"https:\/\/blogsaverroes.juntadeandalucia.es\/ceipsjcalasanz\/wp-json\/wp\/v2\/types\/post"}],"author":[{"embeddable":true,"href":"https:\/\/blogsaverroes.juntadeandalucia.es\/ceipsjcalasanz\/wp-json\/wp\/v2\/users\/11180"}],"replies":[{"embeddable":true,"href":"https:\/\/blogsaverroes.juntadeandalucia.es\/ceipsjcalasanz\/wp-json\/wp\/v2\/comments?post=2267"}],"version-history":[{"count":0,"href":"https:\/\/blogsaverroes.juntadeandalucia.es\/ceipsjcalasanz\/wp-json\/wp\/v2\/posts\/2267\/revisions"}],"wp:attachment":[{"href":"https:\/\/blogsaverroes.juntadeandalucia.es\/ceipsjcalasanz\/wp-json\/wp\/v2\/media?parent=2267"}],"wp:term":[{"taxonomy":"category","embeddable":true,"href":"https:\/\/blogsaverroes.juntadeandalucia.es\/ceipsjcalasanz\/wp-json\/wp\/v2\/categories?post=2267"},{"taxonomy":"post_tag","embeddable":true,"href":"https:\/\/blogsaverroes.juntadeandalucia.es\/ceipsjcalasanz\/wp-json\/wp\/v2\/tags?post=2267"}],"curies":[{"name":"wp","href":"https:\/\/api.w.org\/{rel}","templated":true}]}}