{"id":2307,"date":"2016-11-10T16:41:00","date_gmt":"2016-11-10T16:41:00","guid":{"rendered":"https:\/\/blogsaverroes.juntadeandalucia.es\/ceipsjcalasanz\/acabo-la-feria-del-libro\/"},"modified":"2016-11-10T16:41:00","modified_gmt":"2016-11-10T16:41:00","slug":"acabo-la-feria-del-libro","status":"publish","type":"post","link":"https:\/\/blogsaverroes.juntadeandalucia.es\/ceipsjcalasanz\/acabo-la-feria-del-libro\/","title":{"rendered":"Acab\u00f3 la feria del libro"},"content":{"rendered":"<div dir=\"ltr\" style=\"text-align: left\">\n<div style=\"text-align: justify\">El pasado mi\u00e9rcoles se llev\u00f3 a acabo la <u>Feria del libro usado y de ocasi\u00f3n<\/u>. Pusimos a la venta numerosos libros de adultos propiedad de nuestra biblioteca escolar.&nbsp;<\/div>\n<div style=\"text-align: justify\"><\/div>\n<div style=\"text-align: justify\">Agradecemos &nbsp;la ayuda de la AMPA \u00abEl Pradillo\u00bb, siempre con la mejor disposici\u00f3n para colaborar en las actividades del centro. Y, por supuesto, gracias tambi\u00e9n a todos los compradores.&nbsp;<\/div>\n<div style=\"text-align: justify\"><\/div>\n<div style=\"text-align: justify\">Entre todos hemos recaudado una cantidad de dinero suficiente para la compra de un lote de libros de lectura que aumentar\u00e1n el cat\u00e1logo de ejemplares de nuestra biblioteca.<\/div>\n<table align=\"center\" cellpadding=\"0\" cellspacing=\"0\" style=\"margin-left: auto;margin-right: auto;text-align: center\">\n<tbody>\n<tr>\n<td style=\"text-align: center\"><a href=\"https:\/\/4.bp.blogspot.com\/-ECNjFr_n1Oc\/WCSioJXCsXI\/AAAAAAAAEG0\/qWT1tdyCtOcXUSPO8NLT1VE5qbymbhdLgCLcB\/s1600\/Cartel%2Banunciadorrecaudaci%25C3%25B3n.jpg\" style=\"margin-left: auto;margin-right: auto\"><img loading=\"lazy\" decoding=\"async\" border=\"0\" height=\"280\" src=\"https:\/\/4.bp.blogspot.com\/-ECNjFr_n1Oc\/WCSioJXCsXI\/AAAAAAAAEG0\/qWT1tdyCtOcXUSPO8NLT1VE5qbymbhdLgCLcB\/s400\/Cartel%2Banunciadorrecaudaci%25C3%25B3n.jpg\" width=\"400\" \/><\/a><\/td>\n<\/tr>\n<tr>\n<td style=\"text-align: center\">\u00a1Recaudados 210 euros en la feria del libro usado y de ocasi\u00f3n!<\/td>\n<\/tr>\n<\/tbody>\n<\/table>\n<div style=\"text-align: justify\"><\/div>\n<\/div>\n","protected":false},"excerpt":{"rendered":"<p>El pasado mi\u00e9rcoles se llev\u00f3 a acabo la Feria del libro usado y de ocasi\u00f3n. Pusimos a la venta numerosos libros de adultos propiedad de nuestra biblioteca escolar.&nbsp; Agradecemos &nbsp;la ayuda de la AMPA \u00abEl Pradillo\u00bb, siempre con la mejor disposici\u00f3n para colaborar en las actividades del centro. Y, por supuesto, gracias tambi\u00e9n a todos los compradores.&nbsp; Entre todos hemos recaudado una cantidad de dinero suficiente para la compra de un lote de libros de lectura que aumentar\u00e1n el cat\u00e1logo&#46;&#46;&#46;<\/p>\n","protected":false},"author":11180,"featured_media":0,"comment_status":"open","ping_status":"open","sticky":false,"template":"","format":"standard","meta":{"ngg_post_thumbnail":0,"footnotes":""},"categories":[2351713,2351715,2351714],"tags":[],"aioseo_notices":[],"_links":{"self":[{"href":"https:\/\/blogsaverroes.juntadeandalucia.es\/ceipsjcalasanz\/wp-json\/wp\/v2\/posts\/2307"}],"collection":[{"href":"https:\/\/blogsaverroes.juntadeandalucia.es\/ceipsjcalasanz\/wp-json\/wp\/v2\/posts"}],"about":[{"href":"https:\/\/blogsaverroes.juntadeandalucia.es\/ceipsjcalasanz\/wp-json\/wp\/v2\/types\/post"}],"author":[{"embeddable":true,"href":"https:\/\/blogsaverroes.juntadeandalucia.es\/ceipsjcalasanz\/wp-json\/wp\/v2\/users\/11180"}],"replies":[{"embeddable":true,"href":"https:\/\/blogsaverroes.juntadeandalucia.es\/ceipsjcalasanz\/wp-json\/wp\/v2\/comments?post=2307"}],"version-history":[{"count":0,"href":"https:\/\/blogsaverroes.juntadeandalucia.es\/ceipsjcalasanz\/wp-json\/wp\/v2\/posts\/2307\/revisions"}],"wp:attachment":[{"href":"https:\/\/blogsaverroes.juntadeandalucia.es\/ceipsjcalasanz\/wp-json\/wp\/v2\/media?parent=2307"}],"wp:term":[{"taxonomy":"category","embeddable":true,"href":"https:\/\/blogsaverroes.juntadeandalucia.es\/ceipsjcalasanz\/wp-json\/wp\/v2\/categories?post=2307"},{"taxonomy":"post_tag","embeddable":true,"href":"https:\/\/blogsaverroes.juntadeandalucia.es\/ceipsjcalasanz\/wp-json\/wp\/v2\/tags?post=2307"}],"curies":[{"name":"wp","href":"https:\/\/api.w.org\/{rel}","templated":true}]}}