{"id":2440,"date":"2014-04-28T07:00:00","date_gmt":"2014-04-28T07:00:00","guid":{"rendered":"https:\/\/blogsaverroes.juntadeandalucia.es\/ceipsjcalasanz\/v-actos-de-lectura\/"},"modified":"2014-04-28T07:00:00","modified_gmt":"2014-04-28T07:00:00","slug":"v-actos-de-lectura","status":"publish","type":"post","link":"https:\/\/blogsaverroes.juntadeandalucia.es\/ceipsjcalasanz\/v-actos-de-lectura\/","title":{"rendered":"V Actos de Lectura"},"content":{"rendered":"<div dir=\"ltr\" style=\"text-align: left\">\n<div style=\"clear: both;text-align: justify\"><span style=\"font-family: Georgia, 'Times New Roman', serif\">La semana pasada, en el d\u00eda del libro celebramos los V Actos de Lectura en este curso. Como todas las veces anteriores, todos los alumnos y alumnas, acompa\u00f1ados de los m\u00e1s mayores se repartieron en nueve espacios de lectura donde se leyeron, esta vez, biograf\u00edas de mujeres destacadas en la historia.<\/span><\/div>\n<div style=\"clear: both;text-align: justify\"><span style=\"font-family: Georgia, Times New Roman, serif\"><br \/><\/span><\/div>\n<table align=\"center\" cellpadding=\"0\" cellspacing=\"0\" style=\"clear: left;margin-bottom: 1em;margin-left: auto;margin-right: auto;text-align: center\">\n<tbody>\n<tr>\n<td style=\"text-align: center\"><a href=\"http:\/\/3.bp.blogspot.com\/-in4aka3gveE\/U106dKbYImI\/AAAAAAAAEPY\/a7Ywyym-cRE\/s1600\/ESCOGIENDO.jpg\" style=\"margin-left: auto;margin-right: auto\"><img loading=\"lazy\" decoding=\"async\" border=\"0\" src=\"http:\/\/3.bp.blogspot.com\/-in4aka3gveE\/U106dKbYImI\/AAAAAAAAEPY\/a7Ywyym-cRE\/s1600\/ESCOGIENDO.jpg\" height=\"190\" width=\"400\" \/><\/a><\/td>\n<\/tr>\n<tr>\n<td style=\"text-align: center\">Alumnos de segundo y tercer ciclo escogiendo sus entradas.<\/td>\n<\/tr>\n<\/tbody>\n<\/table>\n<div style=\"clear: both;text-align: justify\"><span style=\"font-family: Georgia, Times New Roman, serif\">Las biograf\u00edas le\u00eddas fueron, entre otras:&nbsp;<i><a href=\"http:\/\/www.juntadeandalucia.es\/averroes\/html\/adjuntos\/2008\/02\/07\/0003\/adjuntos\/1_claracampoamor.pdf\" style=\"background-color: white;text-align: left\">Clara Campoamor<\/a>,&nbsp;<span style=\"background-color: white;text-align: left\">&nbsp;<\/span><a href=\"http:\/\/www.juntadeandalucia.es\/averroes\/html\/adjuntos\/2008\/02\/07\/0003\/adjuntos\/4_almamahler.pdf\" style=\"background-color: white;text-align: left\">Alma Mahler<\/a>,<span style=\"background-color: white;text-align: left\">&nbsp;<\/span><a href=\"http:\/\/www.juntadeandalucia.es\/averroes\/html\/adjuntos\/2008\/02\/07\/0003\/adjuntos\/8_marieskodowskacurie.pdf\" style=\"background-color: white;text-align: left\">Marie Skodiwska Curie<\/a>,&nbsp;<span style=\"background-color: white;text-align: left\">&nbsp;<\/span><a href=\"http:\/\/www.juntadeandalucia.es\/averroes\/html\/adjuntos\/2008\/02\/07\/0003\/adjuntos\/5_adaaugustabyron.pdf\" style=\"background-color: white;text-align: left\">Ada Augusta Byron<\/a>, <a href=\"http:\/\/escritoras.com\/escritoras\/Gloria-Fuertes\">Gloria Fuertes<\/a>, <a href=\"http:\/\/escritoras.com\/escritoras\/Carmen-Martin-Gaite\">Carmen Mart\u00edn Gaite<\/a>,&#8230; etc.&nbsp;&nbsp;<\/i><\/span><br \/><span style=\"font-family: Georgia, Times New Roman, serif\"><i><br \/><\/i><\/span><\/p>\n<div style=\"text-align: center\"><img loading=\"lazy\" decoding=\"async\" height=\"32\" src=\"http:\/\/4.bp.blogspot.com\/-1NBRxHDOeJY\/U0sp0lUrUyI\/AAAAAAAADsA\/opMPiv5DaMk\/s320\/Presentaci%C3%B3n1.jpg\" width=\"320\" \/><\/div>\n<\/div>\n<div style=\"clear: both;text-align: justify\"><span style=\"font-family: Georgia, Times New Roman, serif\"><\/span><br \/><span style=\"font-family: Georgia, Times New Roman, serif\"><\/span><\/div>\n<div style=\"clear: both;text-align: justify\"><span style=\"font-family: Georgia, Times New Roman, serif\"><\/span><br \/><span style=\"font-family: Georgia, Times New Roman, serif\"><\/span><\/div>\n<div style=\"clear: both;text-align: justify\"><span style=\"font-family: Georgia, Times New Roman, serif\"><\/span><br \/><span style=\"font-family: Georgia, Times New Roman, serif\"><\/span><\/div>\n<div style=\"clear: both;text-align: justify\"><\/div>\n<div style=\"clear: both;text-align: center\"><\/div>\n<\/div>\n","protected":false},"excerpt":{"rendered":"<p>La semana pasada, en el d\u00eda del libro celebramos los V Actos de Lectura en este curso. Como todas las veces anteriores, todos los alumnos y alumnas, acompa\u00f1ados de los m\u00e1s mayores se repartieron en nueve espacios de lectura donde se leyeron, esta vez, biograf\u00edas de mujeres destacadas en la historia. Alumnos de segundo y tercer ciclo escogiendo sus entradas. Las biograf\u00edas le\u00eddas fueron, entre otras:&nbsp;Clara Campoamor,&nbsp;&nbsp;Alma Mahler,&nbsp;Marie Skodiwska Curie,&nbsp;&nbsp;Ada Augusta Byron, Gloria Fuertes, Carmen Mart\u00edn Gaite,&#8230; etc.&nbsp;&nbsp;<\/p>\n","protected":false},"author":11180,"featured_media":0,"comment_status":"open","ping_status":"open","sticky":false,"template":"","format":"standard","meta":{"ngg_post_thumbnail":0,"footnotes":""},"categories":[2351774,2351699],"tags":[],"aioseo_notices":[],"_links":{"self":[{"href":"https:\/\/blogsaverroes.juntadeandalucia.es\/ceipsjcalasanz\/wp-json\/wp\/v2\/posts\/2440"}],"collection":[{"href":"https:\/\/blogsaverroes.juntadeandalucia.es\/ceipsjcalasanz\/wp-json\/wp\/v2\/posts"}],"about":[{"href":"https:\/\/blogsaverroes.juntadeandalucia.es\/ceipsjcalasanz\/wp-json\/wp\/v2\/types\/post"}],"author":[{"embeddable":true,"href":"https:\/\/blogsaverroes.juntadeandalucia.es\/ceipsjcalasanz\/wp-json\/wp\/v2\/users\/11180"}],"replies":[{"embeddable":true,"href":"https:\/\/blogsaverroes.juntadeandalucia.es\/ceipsjcalasanz\/wp-json\/wp\/v2\/comments?post=2440"}],"version-history":[{"count":0,"href":"https:\/\/blogsaverroes.juntadeandalucia.es\/ceipsjcalasanz\/wp-json\/wp\/v2\/posts\/2440\/revisions"}],"wp:attachment":[{"href":"https:\/\/blogsaverroes.juntadeandalucia.es\/ceipsjcalasanz\/wp-json\/wp\/v2\/media?parent=2440"}],"wp:term":[{"taxonomy":"category","embeddable":true,"href":"https:\/\/blogsaverroes.juntadeandalucia.es\/ceipsjcalasanz\/wp-json\/wp\/v2\/categories?post=2440"},{"taxonomy":"post_tag","embeddable":true,"href":"https:\/\/blogsaverroes.juntadeandalucia.es\/ceipsjcalasanz\/wp-json\/wp\/v2\/tags?post=2440"}],"curies":[{"name":"wp","href":"https:\/\/api.w.org\/{rel}","templated":true}]}}