{"id":2558,"date":"2011-06-09T15:46:00","date_gmt":"2011-06-09T15:46:00","guid":{"rendered":"https:\/\/blogsaverroes.juntadeandalucia.es\/ceipsjcalasanz\/taller-de-informatica-ampa\/"},"modified":"2011-06-09T15:46:00","modified_gmt":"2011-06-09T15:46:00","slug":"taller-de-informatica-ampa","status":"publish","type":"post","link":"https:\/\/blogsaverroes.juntadeandalucia.es\/ceipsjcalasanz\/taller-de-informatica-ampa\/","title":{"rendered":"Taller de Inform\u00e1tica AMPA"},"content":{"rendered":"<div align=\"justify\"><span style=\"color:#ffffff\">___<\/span>Un verano m\u00e1s el AMPA y el colegio ofrecen a ni\u00f1os y padres la oportunidad de realizar un completo taller de inform\u00e1tica durante el mes de Julio. Se trata de una oportunidad para entrar en contacto con el ordenador y las nuevas tecnolog\u00edas, tan importantes hoy en d\u00eda, en la educaci\u00f3n de los alumnos y alumnas.<\/div>\n<p><a href=\"http:\/\/1.bp.blogspot.com\/-BDDDqycgXkQ\/TfDrx3Jf4EI\/AAAAAAAAC7k\/c_1czpwxkDY\/s1600\/Sin%2Bnombretaller%2Bde%2Binformatica.jpg\"><img decoding=\"async\" id=\"BLOGGER_PHOTO_ID_5616247977180913730\" border=\"0\" alt=\"\" src=\"http:\/\/1.bp.blogspot.com\/-BDDDqycgXkQ\/TfDrx3Jf4EI\/AAAAAAAAC7k\/c_1czpwxkDY\/s400\/Sin%2Bnombretaller%2Bde%2Binformatica.jpg\" \/><\/a><\/p>\n","protected":false},"excerpt":{"rendered":"<p>___Un verano m\u00e1s el AMPA y el colegio ofrecen a ni\u00f1os y padres la oportunidad de realizar un completo taller de inform\u00e1tica durante el mes de Julio. Se trata de una oportunidad para entrar en contacto con el ordenador y las nuevas tecnolog\u00edas, tan importantes hoy en d\u00eda, en la educaci\u00f3n de los alumnos y alumnas.<\/p>\n","protected":false},"author":11180,"featured_media":0,"comment_status":"open","ping_status":"open","sticky":false,"template":"","format":"standard","meta":{"ngg_post_thumbnail":0,"footnotes":""},"categories":[2351804],"tags":[],"aioseo_notices":[],"_links":{"self":[{"href":"https:\/\/blogsaverroes.juntadeandalucia.es\/ceipsjcalasanz\/wp-json\/wp\/v2\/posts\/2558"}],"collection":[{"href":"https:\/\/blogsaverroes.juntadeandalucia.es\/ceipsjcalasanz\/wp-json\/wp\/v2\/posts"}],"about":[{"href":"https:\/\/blogsaverroes.juntadeandalucia.es\/ceipsjcalasanz\/wp-json\/wp\/v2\/types\/post"}],"author":[{"embeddable":true,"href":"https:\/\/blogsaverroes.juntadeandalucia.es\/ceipsjcalasanz\/wp-json\/wp\/v2\/users\/11180"}],"replies":[{"embeddable":true,"href":"https:\/\/blogsaverroes.juntadeandalucia.es\/ceipsjcalasanz\/wp-json\/wp\/v2\/comments?post=2558"}],"version-history":[{"count":0,"href":"https:\/\/blogsaverroes.juntadeandalucia.es\/ceipsjcalasanz\/wp-json\/wp\/v2\/posts\/2558\/revisions"}],"wp:attachment":[{"href":"https:\/\/blogsaverroes.juntadeandalucia.es\/ceipsjcalasanz\/wp-json\/wp\/v2\/media?parent=2558"}],"wp:term":[{"taxonomy":"category","embeddable":true,"href":"https:\/\/blogsaverroes.juntadeandalucia.es\/ceipsjcalasanz\/wp-json\/wp\/v2\/categories?post=2558"},{"taxonomy":"post_tag","embeddable":true,"href":"https:\/\/blogsaverroes.juntadeandalucia.es\/ceipsjcalasanz\/wp-json\/wp\/v2\/tags?post=2558"}],"curies":[{"name":"wp","href":"https:\/\/api.w.org\/{rel}","templated":true}]}}