{"id":2681,"date":"2009-05-18T23:07:00","date_gmt":"2009-05-18T23:07:00","guid":{"rendered":"https:\/\/blogsaverroes.juntadeandalucia.es\/ceipsjcalasanz\/presentacion-jornadas-plan-lyb\/"},"modified":"2009-05-18T23:07:00","modified_gmt":"2009-05-18T23:07:00","slug":"presentacion-jornadas-plan-lyb","status":"publish","type":"post","link":"https:\/\/blogsaverroes.juntadeandalucia.es\/ceipsjcalasanz\/presentacion-jornadas-plan-lyb\/","title":{"rendered":"Presentaci\u00f3n Jornadas Plan LyB"},"content":{"rendered":"<p><span>___<\/span>El pasado 12 de Mayo, el equipo de biblioteca asisti\u00f3 como ponente a las I Jornadas Comarcales del Plan de lectura y bibliotecas escolares.<\/p>\n<p><span>___<\/span>Os dejamos un peque\u00f1o powerpoint de la presentaci\u00f3n expuesta.<\/p>\n<p><object width=\"425\" height=\"354\"><param name=\"movie\" value=\"http:\/\/www.authorstream.com\/player\/player.swf?p=190071_633782586083418750\" \/><param name=\"allowfullscreen\" value=\"true\" \/><param name=\"allowScriptAccess\" value=\"always\" \/><embed src=\"http:\/\/www.authorstream.com\/player\/player.swf?p=190071_633782586083418750\" type=\"application\/x-shockwave-flash\" allowscriptaccess=\"always\" allowfullscreen=\"true\" width=\"425\" height=\"354\"><\/embed><\/object><br \/>Quiero ver todas las presentaciones de <a href=\"http:\/\/www.authorstream.com\/User-Presentations\/bibloinfantes\/\" target=\"_blank\" title=\"More presentations by bibloinfantes on authorSTREAM\" rel=\"noopener noreferrer\">bibloinfantes<\/a><br \/><a href=\"http:\/\/4.bp.blogspot.com\/_IEG5RejlXKg\/Sa_7MQ6l3bI\/AAAAAAAAAjI\/kdubnTj9W9A\/s1600-h\/Presentaci%C3%B3n1.jpg\"><img decoding=\"async\" style=\"margin: 0px auto 10px;display: block;text-align: center;cursor: pointer;width: 400px;height: 41px\" src=\"http:\/\/4.bp.blogspot.com\/_IEG5RejlXKg\/Sa_7MQ6l3bI\/AAAAAAAAAjI\/kdubnTj9W9A\/s400\/Presentaci%C3%B3n1.jpg\" alt=\"\" id=\"BLOGGER_PHOTO_ID_5309738673810824626\" border=\"0\" \/><\/a><br \/><a href=\"print()\">Imprimir<\/a><\/p>\n","protected":false},"excerpt":{"rendered":"<p>___El pasado 12 de Mayo, el equipo de biblioteca asisti\u00f3 como ponente a las I Jornadas Comarcales del Plan de lectura y bibliotecas escolares. ___Os dejamos un peque\u00f1o powerpoint de la presentaci\u00f3n expuesta. Quiero ver todas las presentaciones de bibloinfantesImprimir<\/p>\n","protected":false},"author":11180,"featured_media":0,"comment_status":"open","ping_status":"open","sticky":false,"template":"","format":"standard","meta":{"ngg_post_thumbnail":0,"footnotes":""},"categories":[2351825,2351701],"tags":[],"aioseo_notices":[],"_links":{"self":[{"href":"https:\/\/blogsaverroes.juntadeandalucia.es\/ceipsjcalasanz\/wp-json\/wp\/v2\/posts\/2681"}],"collection":[{"href":"https:\/\/blogsaverroes.juntadeandalucia.es\/ceipsjcalasanz\/wp-json\/wp\/v2\/posts"}],"about":[{"href":"https:\/\/blogsaverroes.juntadeandalucia.es\/ceipsjcalasanz\/wp-json\/wp\/v2\/types\/post"}],"author":[{"embeddable":true,"href":"https:\/\/blogsaverroes.juntadeandalucia.es\/ceipsjcalasanz\/wp-json\/wp\/v2\/users\/11180"}],"replies":[{"embeddable":true,"href":"https:\/\/blogsaverroes.juntadeandalucia.es\/ceipsjcalasanz\/wp-json\/wp\/v2\/comments?post=2681"}],"version-history":[{"count":0,"href":"https:\/\/blogsaverroes.juntadeandalucia.es\/ceipsjcalasanz\/wp-json\/wp\/v2\/posts\/2681\/revisions"}],"wp:attachment":[{"href":"https:\/\/blogsaverroes.juntadeandalucia.es\/ceipsjcalasanz\/wp-json\/wp\/v2\/media?parent=2681"}],"wp:term":[{"taxonomy":"category","embeddable":true,"href":"https:\/\/blogsaverroes.juntadeandalucia.es\/ceipsjcalasanz\/wp-json\/wp\/v2\/categories?post=2681"},{"taxonomy":"post_tag","embeddable":true,"href":"https:\/\/blogsaverroes.juntadeandalucia.es\/ceipsjcalasanz\/wp-json\/wp\/v2\/tags?post=2681"}],"curies":[{"name":"wp","href":"https:\/\/api.w.org\/{rel}","templated":true}]}}