{"id":2682,"date":"2009-05-06T22:17:00","date_gmt":"2009-05-06T22:17:00","guid":{"rendered":"https:\/\/blogsaverroes.juntadeandalucia.es\/ceipsjcalasanz\/jornadas-plan-lyb\/"},"modified":"2009-05-06T22:17:00","modified_gmt":"2009-05-06T22:17:00","slug":"jornadas-plan-lyb","status":"publish","type":"post","link":"https:\/\/blogsaverroes.juntadeandalucia.es\/ceipsjcalasanz\/jornadas-plan-lyb\/","title":{"rendered":"Jornadas Plan LyB"},"content":{"rendered":"<p><a href=\"http:\/\/2.bp.blogspot.com\/_IEG5RejlXKg\/SgIIYkbbe6I\/AAAAAAAAA60\/xRC_OBq6O8s\/s1600-h\/1234944772872_ojos_de_buho_150x120.jpg\"><img decoding=\"async\" style=\"margin: 0px auto 10px;display: block;text-align: center;cursor: pointer;width: 150px;height: 120px\" src=\"http:\/\/2.bp.blogspot.com\/_IEG5RejlXKg\/SgIIYkbbe6I\/AAAAAAAAA60\/xRC_OBq6O8s\/s320\/1234944772872_ojos_de_buho_150x120.jpg\" alt=\"\" id=\"BLOGGER_PHOTO_ID_5332834126948694946\" border=\"0\" \/><\/a><\/p>\n<ul>\n<li>Nuestra biblioteca participar\u00e1 en los pr\u00f3ximos d\u00edas en dos encuentros entre distintas bibliotecas escolares de la Sierra Norte de Sevilla.<\/li>\n<\/ul>\n<ul>\n<li>Se trata de las:<\/li>\n<\/ul>\n<div style=\"text-align: center\">\n<div style=\"text-align: center;font-weight: bold;font-family: lucida grande\">I JORNADAS COMARCALES<br \/>DEL<br \/>PLAN DE LECTURA Y BIBLIOTECAS<br \/>ESCOLARES<\/div>\n<p><\/p>\n<div style=\"text-align: left\">\n<ul>\n<li>Estas jornadas se celebrar\u00e1n en el <a href=\"http:\/\/info.ieselcarmen-cazalla.es\/\">IES El Carmen de Cazalla dela Sierra<\/a>.<\/li>\n<\/ul>\n<p><img decoding=\"async\" src=\"\/Users\/JOSSAN~1\/AppData\/Local\/Temp\/moz-screenshot.jpg\" alt=\"\" \/><\/div>\n<\/div>\n<div style=\"text-align: justify\"><\/p>\n<div style=\"text-align: right\"><a href=\"http:\/\/4.bp.blogspot.com\/_IEG5RejlXKg\/SgIFiAGrZQI\/AAAAAAAAA6k\/YoP4jPfxk1I\/s1600-h\/DSCF1886.JPG\"><br \/><\/a><\/div>\n<p><a href=\"http:\/\/1.bp.blogspot.com\/_IEG5RejlXKg\/SgIJCDr4EEI\/AAAAAAAAA68\/ud4hJvIt6Y4\/s1600-h\/DSCF1886.JPG\"><img decoding=\"async\" style=\"margin: 0px auto 10px;display: block;text-align: center;cursor: pointer;width: 138px;height: 99px\" src=\"http:\/\/1.bp.blogspot.com\/_IEG5RejlXKg\/SgIJCDr4EEI\/AAAAAAAAA68\/ud4hJvIt6Y4\/s320\/DSCF1886.JPG\" alt=\"\" id=\"BLOGGER_PHOTO_ID_5332834839713812546\" border=\"0\" \/><\/a><\/div>\n<p><\/p>\n<div style=\"text-align: justify\"><span>___<\/span>All\u00ed intercambiaremos experiencias entre los distintos centros escolares que participen.<\/p>\n<p><span>___<\/span>Nuestro centro asiste como invitado para la realizar una peque\u00f1a ponencia sobre las actividades que desde nuestra biblioteca Infantes se coordinan e impulsan en relaci\u00f3n al fomento de la lectura en nuestro alumnado.<\/p>\n<p><a href=\"http:\/\/4.bp.blogspot.com\/_IEG5RejlXKg\/Sa_7MQ6l3bI\/AAAAAAAAAjI\/kdubnTj9W9A\/s1600-h\/Presentaci%C3%B3n1.jpg\"><img decoding=\"async\" style=\"margin: 0px auto 10px;display: block;text-align: center;cursor: pointer;width: 400px;height: 41px\" src=\"http:\/\/4.bp.blogspot.com\/_IEG5RejlXKg\/Sa_7MQ6l3bI\/AAAAAAAAAjI\/kdubnTj9W9A\/s400\/Presentaci%C3%B3n1.jpg\" alt=\"\" id=\"BLOGGER_PHOTO_ID_5309738673810824626\" border=\"0\" \/><\/a><\/div>\n<div style=\"text-align: left\"><a href=\"print()\">Imprimir<\/a><\/div>\n","protected":false},"excerpt":{"rendered":"<p>Nuestra biblioteca participar\u00e1 en los pr\u00f3ximos d\u00edas en dos encuentros entre distintas bibliotecas escolares de la Sierra Norte de Sevilla. Se trata de las: I JORNADAS COMARCALESDELPLAN DE LECTURA Y BIBLIOTECASESCOLARES Estas jornadas se celebrar\u00e1n en el IES El Carmen de Cazalla dela Sierra. ___All\u00ed intercambiaremos experiencias entre los distintos centros escolares que participen. ___Nuestro centro asiste como invitado para la realizar una peque\u00f1a ponencia sobre las actividades que desde nuestra biblioteca Infantes se coordinan e impulsan en relaci\u00f3n al&#46;&#46;&#46;<\/p>\n","protected":false},"author":11180,"featured_media":0,"comment_status":"open","ping_status":"open","sticky":false,"template":"","format":"standard","meta":{"ngg_post_thumbnail":0,"footnotes":""},"categories":[2351825],"tags":[],"aioseo_notices":[],"_links":{"self":[{"href":"https:\/\/blogsaverroes.juntadeandalucia.es\/ceipsjcalasanz\/wp-json\/wp\/v2\/posts\/2682"}],"collection":[{"href":"https:\/\/blogsaverroes.juntadeandalucia.es\/ceipsjcalasanz\/wp-json\/wp\/v2\/posts"}],"about":[{"href":"https:\/\/blogsaverroes.juntadeandalucia.es\/ceipsjcalasanz\/wp-json\/wp\/v2\/types\/post"}],"author":[{"embeddable":true,"href":"https:\/\/blogsaverroes.juntadeandalucia.es\/ceipsjcalasanz\/wp-json\/wp\/v2\/users\/11180"}],"replies":[{"embeddable":true,"href":"https:\/\/blogsaverroes.juntadeandalucia.es\/ceipsjcalasanz\/wp-json\/wp\/v2\/comments?post=2682"}],"version-history":[{"count":0,"href":"https:\/\/blogsaverroes.juntadeandalucia.es\/ceipsjcalasanz\/wp-json\/wp\/v2\/posts\/2682\/revisions"}],"wp:attachment":[{"href":"https:\/\/blogsaverroes.juntadeandalucia.es\/ceipsjcalasanz\/wp-json\/wp\/v2\/media?parent=2682"}],"wp:term":[{"taxonomy":"category","embeddable":true,"href":"https:\/\/blogsaverroes.juntadeandalucia.es\/ceipsjcalasanz\/wp-json\/wp\/v2\/categories?post=2682"},{"taxonomy":"post_tag","embeddable":true,"href":"https:\/\/blogsaverroes.juntadeandalucia.es\/ceipsjcalasanz\/wp-json\/wp\/v2\/tags?post=2682"}],"curies":[{"name":"wp","href":"https:\/\/api.w.org\/{rel}","templated":true}]}}