{"id":3363,"date":"2021-12-02T22:29:14","date_gmt":"2021-12-02T22:29:14","guid":{"rendered":"https:\/\/blogsaverroes.juntadeandalucia.es\/ceipsjcalasanz\/?p=3363"},"modified":"2021-12-02T22:29:14","modified_gmt":"2021-12-02T22:29:14","slug":"taller-con-autora","status":"publish","type":"post","link":"https:\/\/blogsaverroes.juntadeandalucia.es\/ceipsjcalasanz\/taller-con-autora\/","title":{"rendered":"TALLER CON AUTORA"},"content":{"rendered":"<p style=\"text-align: justify\">Los alumnos de 2\u00ba y 3\u00ba Ciclo de Primaria<\/p>\nngg_shortcode_0_placeholder\n<p style=\"text-align: justify\">de nuestro cole han tenido la oportunidad de conocer en primera persona a una escritora de primer nivel: <strong>Estela Moreno Berm\u00fadez<\/strong>, autora de, entre otros, <em>\u00abPepuka y el monstruo que se llev\u00f3 su sonrisa\u00bb<\/em>, obra que se alz\u00f3 con el PREMIO MERIDIANA 2020, en la categor\u00eda de Iniciativas contra la violencia de g\u00e9nero otorgado por la <strong>Consejer\u00eda de Igualdad y Pol\u00edticas Sociales de la Junta de Andaluc\u00eda&nbsp;<\/strong>a propuesta del&nbsp;<strong>IAM (Instituto Andaluz de la Mujer).<\/strong><\/p>\n<p style=\"text-align: justify\">Esta actividad, propuesta desde el Ayuntamiento de La Puebla de los Infantes e incluida en nuestro Plan de Igualdad, ha resultado verdaderamente interesante para nuestros alumnos y alumnas. En un simp\u00e1tico cuentacuentos y su posterior puesta en com\u00fan, han podido abordar, de una forma cercana y amena, la realidad que padecen muchas adolescentes al ser maltratadas por sus parejas.<\/p>\n","protected":false},"excerpt":{"rendered":"<p>Los alumnos de 2\u00ba y 3\u00ba Ciclo de Primaria de nuestro cole han tenido la oportunidad de conocer en primera persona a una escritora de primer nivel: Estela Moreno Berm\u00fadez, autora de, entre otros, \u00abPepuka y el monstruo que se llev\u00f3 su sonrisa\u00bb, obra que se alz\u00f3 con el PREMIO MERIDIANA 2020, en la categor\u00eda de Iniciativas contra la violencia de g\u00e9nero otorgado por la Consejer\u00eda de Igualdad y Pol\u00edticas Sociales de la Junta de Andaluc\u00eda&nbsp;a propuesta del&nbsp;IAM (Instituto Andaluz&#46;&#46;&#46;<\/p>\n","protected":false},"author":11180,"featured_media":3376,"comment_status":"open","ping_status":"open","sticky":false,"template":"","format":"standard","meta":{"ngg_post_thumbnail":0,"footnotes":""},"categories":[2351781,2351752,2351677],"tags":[2351844],"aioseo_notices":[],"_links":{"self":[{"href":"https:\/\/blogsaverroes.juntadeandalucia.es\/ceipsjcalasanz\/wp-json\/wp\/v2\/posts\/3363"}],"collection":[{"href":"https:\/\/blogsaverroes.juntadeandalucia.es\/ceipsjcalasanz\/wp-json\/wp\/v2\/posts"}],"about":[{"href":"https:\/\/blogsaverroes.juntadeandalucia.es\/ceipsjcalasanz\/wp-json\/wp\/v2\/types\/post"}],"author":[{"embeddable":true,"href":"https:\/\/blogsaverroes.juntadeandalucia.es\/ceipsjcalasanz\/wp-json\/wp\/v2\/users\/11180"}],"replies":[{"embeddable":true,"href":"https:\/\/blogsaverroes.juntadeandalucia.es\/ceipsjcalasanz\/wp-json\/wp\/v2\/comments?post=3363"}],"version-history":[{"count":2,"href":"https:\/\/blogsaverroes.juntadeandalucia.es\/ceipsjcalasanz\/wp-json\/wp\/v2\/posts\/3363\/revisions"}],"predecessor-version":[{"id":3378,"href":"https:\/\/blogsaverroes.juntadeandalucia.es\/ceipsjcalasanz\/wp-json\/wp\/v2\/posts\/3363\/revisions\/3378"}],"wp:featuredmedia":[{"embeddable":true,"href":"https:\/\/blogsaverroes.juntadeandalucia.es\/ceipsjcalasanz\/wp-json\/wp\/v2\/media\/3376"}],"wp:attachment":[{"href":"https:\/\/blogsaverroes.juntadeandalucia.es\/ceipsjcalasanz\/wp-json\/wp\/v2\/media?parent=3363"}],"wp:term":[{"taxonomy":"category","embeddable":true,"href":"https:\/\/blogsaverroes.juntadeandalucia.es\/ceipsjcalasanz\/wp-json\/wp\/v2\/categories?post=3363"},{"taxonomy":"post_tag","embeddable":true,"href":"https:\/\/blogsaverroes.juntadeandalucia.es\/ceipsjcalasanz\/wp-json\/wp\/v2\/tags?post=3363"}],"curies":[{"name":"wp","href":"https:\/\/api.w.org\/{rel}","templated":true}]}}