{"id":3594,"date":"2022-02-09T10:29:32","date_gmt":"2022-02-09T10:29:32","guid":{"rendered":"https:\/\/blogsaverroes.juntadeandalucia.es\/ceipsjcalasanz\/?p=3594"},"modified":"2022-02-09T10:30:03","modified_gmt":"2022-02-09T10:30:03","slug":"inclusion-en-la-escuela","status":"publish","type":"post","link":"https:\/\/blogsaverroes.juntadeandalucia.es\/ceipsjcalasanz\/inclusion-en-la-escuela\/","title":{"rendered":"INCLUSI\u00d3N EN LA ESCUELA"},"content":{"rendered":"<p style=\"text-align: justify\">\u00a1\u00a1Estamos de enhorabuena!!<\/p>\n<p style=\"text-align: justify\">Nuestro centro ha sido seleccionado entre todos los CEIP e IES de Andaluc\u00eda como beneficiario de una asignaci\u00f3n econ\u00f3mica dentro del <strong>Programa Impulsa<\/strong> de la Consejer\u00eda de Educaci\u00f3n. Este Programa se concibe como un conjunto de actuaciones dirigidas a potenciar la cultura inclusiva de los centros docentes y a mejorar el grado de adquisici\u00f3n de competencias a trav\u00e9s de la mejora de los recursos en el aula y\/o de la realizaci\u00f3n de experiencias innovadoras, activas y experimentales que promuevan el saber hacer del alumnado, partiendo de sus conocimientos y fomentando actitudes como la autonom\u00eda, la responsabilidad, el respeto y el trabajo en equipo, bajo los principios de la atenci\u00f3n a la diversidad y la igualdad de g\u00e9nero.<\/p>\n<p style=\"text-align: justify\">En nuestro caso, dicho Programa se desarrollar\u00e1 a trav\u00e9s de la l\u00ednea <strong>IMPULSA INCLUSI\u00d3N,<\/strong> que implementa una serie de medidas innovadoras espec\u00edficas que contribuyan a la accesibilidad universal y al desarrollo de las competencias del alumnado escolarizado en unidades espec\u00edficas de Educaci\u00f3n Especial.<\/p>\n<p style=\"text-align: justify\">La maestra M\u00aa Jos\u00e9 Escribano, tutora del Aula Espec\u00edfica de nuestro centro, en coordinaci\u00f3n con el resto de compa\u00f1eros y compa\u00f1eras del Claustro y de la mano del Equipo directivo, est\u00e1 poniendo en marcha todo un programa de actividades encaminadas a, entre otros, p<span style=\"font-weight: 400\">romover estrategias y medidas que contribuyan al desarrollo integral del alumnado, propiciar<\/span> su inclusi\u00f3n educativa y social mejorando la motivaci\u00f3n y el clima de convivencia en el centro docente y<span style=\"font-weight: 400\"> estimular el inter\u00e9s por la educaci\u00f3n, adquiriendo estrategias que les permitan la adquisici\u00f3n y mejora de sus competencias a lo largo de toda la vida.<\/span><\/p>\n<p style=\"text-align: justify\">Se trata, en definitiva, de una labor digna de reconocimiento imposible de llevar a cabo sin el impulso econ\u00f3mico que nos ofrece la administraci\u00f3n. Es una oportunidad \u00fanica para nuestros alumnos y alumnas.<\/p>\n<p>Compartimos con las familias algunas im\u00e1genes de uno de los primeros talleres impartidos en nuestro centro: estimulaci\u00f3n psicomotriz y atenci\u00f3n temprana con los ni\u00f1os y ni\u00f1as del Aula Espec\u00edfica y 3 a\u00f1os de Infantil.<\/p>\nngg_shortcode_0_placeholder\n","protected":false},"excerpt":{"rendered":"<p>\u00a1\u00a1Estamos de enhorabuena!! Nuestro centro ha sido seleccionado entre todos los CEIP e IES de Andaluc\u00eda como beneficiario de una asignaci\u00f3n econ\u00f3mica dentro del Programa Impulsa de la Consejer\u00eda de Educaci\u00f3n. Este Programa se concibe como un conjunto de actuaciones dirigidas a potenciar la cultura inclusiva de los centros docentes y a mejorar el grado de adquisici\u00f3n de competencias a trav\u00e9s de la mejora de los recursos en el aula y\/o de la realizaci\u00f3n de experiencias innovadoras, activas y experimentales&#46;&#46;&#46;<\/p>\n","protected":false},"author":11180,"featured_media":3597,"comment_status":"open","ping_status":"open","sticky":false,"template":"","format":"standard","meta":{"ngg_post_thumbnail":0,"footnotes":""},"categories":[2351857],"tags":[2351858],"aioseo_notices":[],"_links":{"self":[{"href":"https:\/\/blogsaverroes.juntadeandalucia.es\/ceipsjcalasanz\/wp-json\/wp\/v2\/posts\/3594"}],"collection":[{"href":"https:\/\/blogsaverroes.juntadeandalucia.es\/ceipsjcalasanz\/wp-json\/wp\/v2\/posts"}],"about":[{"href":"https:\/\/blogsaverroes.juntadeandalucia.es\/ceipsjcalasanz\/wp-json\/wp\/v2\/types\/post"}],"author":[{"embeddable":true,"href":"https:\/\/blogsaverroes.juntadeandalucia.es\/ceipsjcalasanz\/wp-json\/wp\/v2\/users\/11180"}],"replies":[{"embeddable":true,"href":"https:\/\/blogsaverroes.juntadeandalucia.es\/ceipsjcalasanz\/wp-json\/wp\/v2\/comments?post=3594"}],"version-history":[{"count":4,"href":"https:\/\/blogsaverroes.juntadeandalucia.es\/ceipsjcalasanz\/wp-json\/wp\/v2\/posts\/3594\/revisions"}],"predecessor-version":[{"id":3637,"href":"https:\/\/blogsaverroes.juntadeandalucia.es\/ceipsjcalasanz\/wp-json\/wp\/v2\/posts\/3594\/revisions\/3637"}],"wp:featuredmedia":[{"embeddable":true,"href":"https:\/\/blogsaverroes.juntadeandalucia.es\/ceipsjcalasanz\/wp-json\/wp\/v2\/media\/3597"}],"wp:attachment":[{"href":"https:\/\/blogsaverroes.juntadeandalucia.es\/ceipsjcalasanz\/wp-json\/wp\/v2\/media?parent=3594"}],"wp:term":[{"taxonomy":"category","embeddable":true,"href":"https:\/\/blogsaverroes.juntadeandalucia.es\/ceipsjcalasanz\/wp-json\/wp\/v2\/categories?post=3594"},{"taxonomy":"post_tag","embeddable":true,"href":"https:\/\/blogsaverroes.juntadeandalucia.es\/ceipsjcalasanz\/wp-json\/wp\/v2\/tags?post=3594"}],"curies":[{"name":"wp","href":"https:\/\/api.w.org\/{rel}","templated":true}]}}