{"id":3682,"date":"2022-02-18T06:44:29","date_gmt":"2022-02-18T06:44:29","guid":{"rendered":"https:\/\/blogsaverroes.juntadeandalucia.es\/ceipsjcalasanz\/?p=3682"},"modified":"2022-02-18T18:17:02","modified_gmt":"2022-02-18T18:17:02","slug":"tecnicas-de-estudio","status":"publish","type":"post","link":"https:\/\/blogsaverroes.juntadeandalucia.es\/ceipsjcalasanz\/tecnicas-de-estudio\/","title":{"rendered":"T\u00c9CNICAS DE ESTUDIO"},"content":{"rendered":"<p style=\"text-align: justify\">Ya ha comenzado el <strong>Taller de T\u00e9cnicas de Estudio<\/strong> que, como viene siendo habitual en los \u00faltimos cursos, el centro, a trav\u00e9s del <strong>AMPA \u00abEl Pradillo\u00bb,<\/strong>&nbsp;ofrece como actividad complementaria a los alumnos y alumnas de 4\u00ba de Primaria.<\/p>\n<p style=\"text-align: justify\">Con sesiones de una hora de duraci\u00f3n programadas quincenalmente durante este segundo trimestre, los chicos y chicas aprenden en clase a manejarse con esquemas, a hacer res\u00famenes o a subrayar textos para entresacar las ideas m\u00e1s importantes. De esta manera, de la mano de M\u00aa del Carmen Pascual, se refuerza todo lo que con las tutoras se trabaja a diario en clase.<\/p>\n<p style=\"text-align: justify\">La actividad est\u00e1 teniendo muy buena acogida entre los alumnos y nuestro deseo es que redunde no solo en una mejora de los resultados acad\u00e9micos de los mismos, sino en una mayor y mejor capacitaci\u00f3n del alumnado para el futuro.<\/p>\n<p style=\"text-align: justify\">Os dejamos unas im\u00e1genes.<\/p>\n<p>ngg_shortcode_0_placeholder<div style=\"width: 848px;\" class=\"wp-video\"><!--[if lt IE 9]><script>document.createElement('video');<\/script><![endif]-->\n<video class=\"wp-video-shortcode\" id=\"video-3682-1\" width=\"848\" height=\"464\" preload=\"metadata\" controls=\"controls\"><source type=\"video\/mp4\" src=\"https:\/\/blogsaverroes.juntadeandalucia.es\/ceipsjcalasanz\/files\/2022\/02\/t\u00e9cnicas-de-estudio.mp4?_=1\" \/><a href=\"https:\/\/blogsaverroes.juntadeandalucia.es\/ceipsjcalasanz\/files\/2022\/02\/t\u00e9cnicas-de-estudio.mp4\">https:\/\/blogsaverroes.juntadeandalucia.es\/ceipsjcalasanz\/files\/2022\/02\/t\u00e9cnicas-de-estudio.mp4<\/a><\/video><\/div><\/p>\n","protected":false},"excerpt":{"rendered":"<p>Ya ha comenzado el Taller de T\u00e9cnicas de Estudio que, como viene siendo habitual en los \u00faltimos cursos, el centro, a trav\u00e9s del AMPA \u00abEl Pradillo\u00bb,&nbsp;ofrece como actividad complementaria a los alumnos y alumnas de 4\u00ba de Primaria. Con sesiones de una hora de duraci\u00f3n programadas quincenalmente durante este segundo trimestre, los chicos y chicas aprenden en clase a manejarse con esquemas, a hacer res\u00famenes o a subrayar textos para entresacar las ideas m\u00e1s importantes. De esta manera, de la&#46;&#46;&#46;<\/p>\n","protected":false},"author":11180,"featured_media":3691,"comment_status":"open","ping_status":"open","sticky":false,"template":"","format":"standard","meta":{"ngg_post_thumbnail":0,"footnotes":""},"categories":[2351713,25495],"tags":[2351865],"aioseo_notices":[],"_links":{"self":[{"href":"https:\/\/blogsaverroes.juntadeandalucia.es\/ceipsjcalasanz\/wp-json\/wp\/v2\/posts\/3682"}],"collection":[{"href":"https:\/\/blogsaverroes.juntadeandalucia.es\/ceipsjcalasanz\/wp-json\/wp\/v2\/posts"}],"about":[{"href":"https:\/\/blogsaverroes.juntadeandalucia.es\/ceipsjcalasanz\/wp-json\/wp\/v2\/types\/post"}],"author":[{"embeddable":true,"href":"https:\/\/blogsaverroes.juntadeandalucia.es\/ceipsjcalasanz\/wp-json\/wp\/v2\/users\/11180"}],"replies":[{"embeddable":true,"href":"https:\/\/blogsaverroes.juntadeandalucia.es\/ceipsjcalasanz\/wp-json\/wp\/v2\/comments?post=3682"}],"version-history":[{"count":4,"href":"https:\/\/blogsaverroes.juntadeandalucia.es\/ceipsjcalasanz\/wp-json\/wp\/v2\/posts\/3682\/revisions"}],"predecessor-version":[{"id":3695,"href":"https:\/\/blogsaverroes.juntadeandalucia.es\/ceipsjcalasanz\/wp-json\/wp\/v2\/posts\/3682\/revisions\/3695"}],"wp:featuredmedia":[{"embeddable":true,"href":"https:\/\/blogsaverroes.juntadeandalucia.es\/ceipsjcalasanz\/wp-json\/wp\/v2\/media\/3691"}],"wp:attachment":[{"href":"https:\/\/blogsaverroes.juntadeandalucia.es\/ceipsjcalasanz\/wp-json\/wp\/v2\/media?parent=3682"}],"wp:term":[{"taxonomy":"category","embeddable":true,"href":"https:\/\/blogsaverroes.juntadeandalucia.es\/ceipsjcalasanz\/wp-json\/wp\/v2\/categories?post=3682"},{"taxonomy":"post_tag","embeddable":true,"href":"https:\/\/blogsaverroes.juntadeandalucia.es\/ceipsjcalasanz\/wp-json\/wp\/v2\/tags?post=3682"}],"curies":[{"name":"wp","href":"https:\/\/api.w.org\/{rel}","templated":true}]}}