{"id":3699,"date":"2022-02-21T15:28:25","date_gmt":"2022-02-21T15:28:25","guid":{"rendered":"https:\/\/blogsaverroes.juntadeandalucia.es\/ceipsjcalasanz\/?p=3699"},"modified":"2022-02-21T15:37:53","modified_gmt":"2022-02-21T15:37:53","slug":"equinoterapia","status":"publish","type":"post","link":"https:\/\/blogsaverroes.juntadeandalucia.es\/ceipsjcalasanz\/equinoterapia\/","title":{"rendered":"EQUINOTERAPIA"},"content":{"rendered":"<p style=\"text-align: justify\">Ha comenzado una de las actividades m\u00e1s emocionantes y atractivas para el alumnado de nuestro centro. Se trata de unas <strong>sesiones de equinoterapia<\/strong> a las que est\u00e1n asistiendo los alumnos y alumnas de Infantil de 3 a\u00f1os y del Aula Espec\u00edfica.<\/p>\n<p style=\"text-align: justify\">Este emocionante taller, encuadrado dentro del programa de actividades del <strong>Proyecto Impulsa Inclusi\u00f3n<\/strong> que nuestro colegio ha puesto en marcha durante el presente curso escolar, se desarrolla en un centro ecuestre de la vecina localidad de Pe\u00f1aflor, al que se desplazan los m\u00e1s peque\u00f1os en microb\u00fas los viernes de febrero a mayo.<\/p>\n<p style=\"text-align: justify\">All\u00ed provechan los principios terap\u00e9uticos del caballo: se trabajan aspectos como la transmisi\u00f3n del calor corporal del cuerpo de este noble animal a la persona, los impulsos r\u00edtmicos y el movimiento tridimensional. Esta t\u00e9cnica aumenta la motivaci\u00f3n, estimula la afectividad, mejora la atenci\u00f3n y la concentraci\u00f3n, as\u00ed como la sensibilidad t\u00e1ctil, visual, auditiva y olfativa, ayuda al aprendizaje pautado de acciones y aumenta la capacidad de independencia.<\/p>\n<p style=\"text-align: justify\">En definitiva, con esta actividad se mejora el desarrollo de las habilidades motoras, el control del tono muscular, la postura, la conducta y el ajuste emocional de los ni\u00f1os y ni\u00f1as de corta edad.<\/p>\n<p>En nuestro cole, pues, estamos de enhorabuena. Os dejamos unas im\u00e1genes para que las disfrut\u00e9is.<\/p>\nngg_shortcode_0_placeholder\n","protected":false},"excerpt":{"rendered":"<p>Ha comenzado una de las actividades m\u00e1s emocionantes y atractivas para el alumnado de nuestro centro. Se trata de unas sesiones de equinoterapia a las que est\u00e1n asistiendo los alumnos y alumnas de Infantil de 3 a\u00f1os y del Aula Espec\u00edfica. Este emocionante taller, encuadrado dentro del programa de actividades del Proyecto Impulsa Inclusi\u00f3n que nuestro colegio ha puesto en marcha durante el presente curso escolar, se desarrolla en un centro ecuestre de la vecina localidad de Pe\u00f1aflor, al que&#46;&#46;&#46;<\/p>\n","protected":false},"author":11180,"featured_media":3700,"comment_status":"open","ping_status":"open","sticky":false,"template":"","format":"standard","meta":{"ngg_post_thumbnail":0,"footnotes":""},"categories":[5991],"tags":[2351867,2351839],"aioseo_notices":[],"_links":{"self":[{"href":"https:\/\/blogsaverroes.juntadeandalucia.es\/ceipsjcalasanz\/wp-json\/wp\/v2\/posts\/3699"}],"collection":[{"href":"https:\/\/blogsaverroes.juntadeandalucia.es\/ceipsjcalasanz\/wp-json\/wp\/v2\/posts"}],"about":[{"href":"https:\/\/blogsaverroes.juntadeandalucia.es\/ceipsjcalasanz\/wp-json\/wp\/v2\/types\/post"}],"author":[{"embeddable":true,"href":"https:\/\/blogsaverroes.juntadeandalucia.es\/ceipsjcalasanz\/wp-json\/wp\/v2\/users\/11180"}],"replies":[{"embeddable":true,"href":"https:\/\/blogsaverroes.juntadeandalucia.es\/ceipsjcalasanz\/wp-json\/wp\/v2\/comments?post=3699"}],"version-history":[{"count":5,"href":"https:\/\/blogsaverroes.juntadeandalucia.es\/ceipsjcalasanz\/wp-json\/wp\/v2\/posts\/3699\/revisions"}],"predecessor-version":[{"id":3708,"href":"https:\/\/blogsaverroes.juntadeandalucia.es\/ceipsjcalasanz\/wp-json\/wp\/v2\/posts\/3699\/revisions\/3708"}],"wp:featuredmedia":[{"embeddable":true,"href":"https:\/\/blogsaverroes.juntadeandalucia.es\/ceipsjcalasanz\/wp-json\/wp\/v2\/media\/3700"}],"wp:attachment":[{"href":"https:\/\/blogsaverroes.juntadeandalucia.es\/ceipsjcalasanz\/wp-json\/wp\/v2\/media?parent=3699"}],"wp:term":[{"taxonomy":"category","embeddable":true,"href":"https:\/\/blogsaverroes.juntadeandalucia.es\/ceipsjcalasanz\/wp-json\/wp\/v2\/categories?post=3699"},{"taxonomy":"post_tag","embeddable":true,"href":"https:\/\/blogsaverroes.juntadeandalucia.es\/ceipsjcalasanz\/wp-json\/wp\/v2\/tags?post=3699"}],"curies":[{"name":"wp","href":"https:\/\/api.w.org\/{rel}","templated":true}]}}