{"id":3747,"date":"2022-02-24T16:31:37","date_gmt":"2022-02-24T16:31:37","guid":{"rendered":"https:\/\/blogsaverroes.juntadeandalucia.es\/ceipsjcalasanz\/?p=3747"},"modified":"2022-02-24T17:37:53","modified_gmt":"2022-02-24T17:37:53","slug":"desayuno-molinero","status":"publish","type":"post","link":"https:\/\/blogsaverroes.juntadeandalucia.es\/ceipsjcalasanz\/desayuno-molinero\/","title":{"rendered":"DESAYUNO MOLINERO"},"content":{"rendered":"<p style=\"text-align: justify\">Coincidiendo con la conmemoraci\u00f3n del <strong>D\u00eda de Andaluc\u00eda<\/strong> en nuestro centro, hoy, 24 de febrero de 2022, nuestros chicos y chicas han disfrutado del <strong>tradicional desayuno molinero<\/strong>, consistente en pan, aceite y az\u00facar.<\/p>\n<p style=\"text-align: justify\">Desde los m\u00e1s peque\u00f1os de Infantil hasta los mayores de 6\u00ba han podido tomar energ\u00edas en clase con sus maestros y maestras para hacer frente a las actividades que desde el centro se hab\u00edan programado en este d\u00eda tan especial, en el que recordamos nuestras se\u00f1as de identidad y el arraigo a la tierra que nos ha visto nacer y crecer: Andaluc\u00eda.<\/p>\n<p style=\"text-align: justify\">Os dejamos unas im\u00e1genes con la intenci\u00f3n que se os abra el apetito. \u00a1\u00a1Qu\u00e9 rico estaba el pan con aceite!!<\/p>\nngg_shortcode_0_placeholder\n","protected":false},"excerpt":{"rendered":"<p>Coincidiendo con la conmemoraci\u00f3n del D\u00eda de Andaluc\u00eda en nuestro centro, hoy, 24 de febrero de 2022, nuestros chicos y chicas han disfrutado del tradicional desayuno molinero, consistente en pan, aceite y az\u00facar. Desde los m\u00e1s peque\u00f1os de Infantil hasta los mayores de 6\u00ba han podido tomar energ\u00edas en clase con sus maestros y maestras para hacer frente a las actividades que desde el centro se hab\u00edan programado en este d\u00eda tan especial, en el que recordamos nuestras se\u00f1as de&#46;&#46;&#46;<\/p>\n","protected":false},"author":11180,"featured_media":3781,"comment_status":"open","ping_status":"open","sticky":false,"template":"","format":"standard","meta":{"ngg_post_thumbnail":0,"footnotes":""},"categories":[2351691],"tags":[2351836],"aioseo_notices":[],"_links":{"self":[{"href":"https:\/\/blogsaverroes.juntadeandalucia.es\/ceipsjcalasanz\/wp-json\/wp\/v2\/posts\/3747"}],"collection":[{"href":"https:\/\/blogsaverroes.juntadeandalucia.es\/ceipsjcalasanz\/wp-json\/wp\/v2\/posts"}],"about":[{"href":"https:\/\/blogsaverroes.juntadeandalucia.es\/ceipsjcalasanz\/wp-json\/wp\/v2\/types\/post"}],"author":[{"embeddable":true,"href":"https:\/\/blogsaverroes.juntadeandalucia.es\/ceipsjcalasanz\/wp-json\/wp\/v2\/users\/11180"}],"replies":[{"embeddable":true,"href":"https:\/\/blogsaverroes.juntadeandalucia.es\/ceipsjcalasanz\/wp-json\/wp\/v2\/comments?post=3747"}],"version-history":[{"count":2,"href":"https:\/\/blogsaverroes.juntadeandalucia.es\/ceipsjcalasanz\/wp-json\/wp\/v2\/posts\/3747\/revisions"}],"predecessor-version":[{"id":3766,"href":"https:\/\/blogsaverroes.juntadeandalucia.es\/ceipsjcalasanz\/wp-json\/wp\/v2\/posts\/3747\/revisions\/3766"}],"wp:featuredmedia":[{"embeddable":true,"href":"https:\/\/blogsaverroes.juntadeandalucia.es\/ceipsjcalasanz\/wp-json\/wp\/v2\/media\/3781"}],"wp:attachment":[{"href":"https:\/\/blogsaverroes.juntadeandalucia.es\/ceipsjcalasanz\/wp-json\/wp\/v2\/media?parent=3747"}],"wp:term":[{"taxonomy":"category","embeddable":true,"href":"https:\/\/blogsaverroes.juntadeandalucia.es\/ceipsjcalasanz\/wp-json\/wp\/v2\/categories?post=3747"},{"taxonomy":"post_tag","embeddable":true,"href":"https:\/\/blogsaverroes.juntadeandalucia.es\/ceipsjcalasanz\/wp-json\/wp\/v2\/tags?post=3747"}],"curies":[{"name":"wp","href":"https:\/\/api.w.org\/{rel}","templated":true}]}}