{"id":4219,"date":"2022-04-28T22:06:33","date_gmt":"2022-04-28T22:06:33","guid":{"rendered":"https:\/\/blogsaverroes.juntadeandalucia.es\/ceipsjcalasanz\/?p=4219"},"modified":"2022-04-28T22:07:34","modified_gmt":"2022-04-28T22:07:34","slug":"aula-matinal","status":"publish","type":"post","link":"https:\/\/blogsaverroes.juntadeandalucia.es\/ceipsjcalasanz\/aula-matinal\/","title":{"rendered":"AULA MATINAL"},"content":{"rendered":"<p style=\"text-align: justify\">No lo sab\u00edamos pero resulta que entre los chicos y chicas de nuestro colegio que acuden cada ma\u00f1ana al <strong>Aula Matinal<\/strong>, hay verdaderos artistas.<\/p>\n<p style=\"text-align: justify\">En efecto, los ni\u00f1os y ni\u00f1as que asisten a este servicio tan importante y necesario para las familias, lo hacen llenos de vitalidad y, de la mano de sus monitoras, ponen mucho empe\u00f1o e ilusi\u00f3n en todas aquellas actividades que llevan a cabo. En los \u00faltimos d\u00edas, han plasmado toda su creatividad en la decoraci\u00f3n que puso la nota de color en el teatro que los alumnos de 6\u00ba realizaron por el D\u00eda del Libro. Y, esta ma\u00f1ana, nos han sorprendido con unos bell\u00edsimos cuadernos de dibujo que, seguro, van a llenar con dise\u00f1os preciosos y exclusivos. \u00a1\u00a1Felicidades por este trabajo tan bonito y bien hecho!!<\/p>\n<p style=\"text-align: justify\">Os dejamos unas im\u00e1genes que dan fe de lo que aqu\u00ed contamos.<\/p>\nngg_shortcode_0_placeholder\n","protected":false},"excerpt":{"rendered":"<p>No lo sab\u00edamos pero resulta que entre los chicos y chicas de nuestro colegio que acuden cada ma\u00f1ana al Aula Matinal, hay verdaderos artistas. En efecto, los ni\u00f1os y ni\u00f1as que asisten a este servicio tan importante y necesario para las familias, lo hacen llenos de vitalidad y, de la mano de sus monitoras, ponen mucho empe\u00f1o e ilusi\u00f3n en todas aquellas actividades que llevan a cabo. En los \u00faltimos d\u00edas, han plasmado toda su creatividad en la decoraci\u00f3n que&#46;&#46;&#46;<\/p>\n","protected":false},"author":11180,"featured_media":4220,"comment_status":"open","ping_status":"open","sticky":false,"template":"","format":"standard","meta":{"ngg_post_thumbnail":0,"footnotes":""},"categories":[2351889],"tags":[2351890],"aioseo_notices":[],"_links":{"self":[{"href":"https:\/\/blogsaverroes.juntadeandalucia.es\/ceipsjcalasanz\/wp-json\/wp\/v2\/posts\/4219"}],"collection":[{"href":"https:\/\/blogsaverroes.juntadeandalucia.es\/ceipsjcalasanz\/wp-json\/wp\/v2\/posts"}],"about":[{"href":"https:\/\/blogsaverroes.juntadeandalucia.es\/ceipsjcalasanz\/wp-json\/wp\/v2\/types\/post"}],"author":[{"embeddable":true,"href":"https:\/\/blogsaverroes.juntadeandalucia.es\/ceipsjcalasanz\/wp-json\/wp\/v2\/users\/11180"}],"replies":[{"embeddable":true,"href":"https:\/\/blogsaverroes.juntadeandalucia.es\/ceipsjcalasanz\/wp-json\/wp\/v2\/comments?post=4219"}],"version-history":[{"count":1,"href":"https:\/\/blogsaverroes.juntadeandalucia.es\/ceipsjcalasanz\/wp-json\/wp\/v2\/posts\/4219\/revisions"}],"predecessor-version":[{"id":4225,"href":"https:\/\/blogsaverroes.juntadeandalucia.es\/ceipsjcalasanz\/wp-json\/wp\/v2\/posts\/4219\/revisions\/4225"}],"wp:featuredmedia":[{"embeddable":true,"href":"https:\/\/blogsaverroes.juntadeandalucia.es\/ceipsjcalasanz\/wp-json\/wp\/v2\/media\/4220"}],"wp:attachment":[{"href":"https:\/\/blogsaverroes.juntadeandalucia.es\/ceipsjcalasanz\/wp-json\/wp\/v2\/media?parent=4219"}],"wp:term":[{"taxonomy":"category","embeddable":true,"href":"https:\/\/blogsaverroes.juntadeandalucia.es\/ceipsjcalasanz\/wp-json\/wp\/v2\/categories?post=4219"},{"taxonomy":"post_tag","embeddable":true,"href":"https:\/\/blogsaverroes.juntadeandalucia.es\/ceipsjcalasanz\/wp-json\/wp\/v2\/tags?post=4219"}],"curies":[{"name":"wp","href":"https:\/\/api.w.org\/{rel}","templated":true}]}}