{"id":4333,"date":"2022-05-10T21:53:16","date_gmt":"2022-05-10T21:53:16","guid":{"rendered":"https:\/\/blogsaverroes.juntadeandalucia.es\/ceipsjcalasanz\/?p=4333"},"modified":"2022-05-10T21:53:16","modified_gmt":"2022-05-10T21:53:16","slug":"charlas-educacion-vial","status":"publish","type":"post","link":"https:\/\/blogsaverroes.juntadeandalucia.es\/ceipsjcalasanz\/charlas-educacion-vial\/","title":{"rendered":"CHARLAS EDUCACI\u00d3N VIAL"},"content":{"rendered":"<p style=\"text-align: justify\">Encuadradas dentro de las <strong>JORNADAS DE EDUCACI\u00d3N VIAL<\/strong> que se est\u00e1n desarrollando durante este mes de mayo, se est\u00e1n impartiendo por parte de la <strong>Polic\u00eda Local<\/strong> unas<strong> charlas a todo el alumnado del centro.<\/strong><\/p>\n<p style=\"text-align: justify\">Los miembros de dicho cuerpo se est\u00e1n pasando por todas las clases para concienciar a los chicos y chicas de la importancia del cumplimiento de las normas y medidas de seguridad, tanto si viajamos en coche o en bicicleta, como si lo hacemos caminando como peatones. Adem\u00e1s, nuestros visitantes est\u00e1n adaptando sus charlas a la edad del p\u00fablico asistente: a los peque\u00f1os de Infantil les han ense\u00f1ado incluso sus uniformes y veh\u00edculos oficiales y a los mayores les han informado acerca de un tema de especial relevancia y que, seguro, les interesa: el uso de los patinetes el\u00e9ctricos que tanto se dejan ver \u00faltimamente por las calles de cualquier ciudad.<\/p>\n<p style=\"text-align: justify\">Agradecemos desde aqu\u00ed la implicaci\u00f3n y el entusiasmo que los agentes de la Polic\u00eda Local de nuestra localidad est\u00e1n mostrando con estas actividades, las cuales est\u00e1n resultando de much\u00edsimo agrado y aprovechamiento para todos.<\/p>\n<p>Aqu\u00ed ten\u00e9is algunas im\u00e1genes.<\/p>\n<div style=\"width: 1920px;\" class=\"wp-video\"><!--[if lt IE 9]><script>document.createElement('video');<\/script><![endif]-->\n<video class=\"wp-video-shortcode\" id=\"video-4333-1\" width=\"1920\" height=\"1080\" preload=\"metadata\" controls=\"controls\"><source type=\"video\/mp4\" src=\"https:\/\/blogsaverroes.juntadeandalucia.es\/ceipsjcalasanz\/files\/2022\/05\/20220510_103310.mp4?_=1\" \/><a href=\"https:\/\/blogsaverroes.juntadeandalucia.es\/ceipsjcalasanz\/files\/2022\/05\/20220510_103310.mp4\">https:\/\/blogsaverroes.juntadeandalucia.es\/ceipsjcalasanz\/files\/2022\/05\/20220510_103310.mp4<\/a><\/video><\/div>\n<div style=\"width: 1920px;\" class=\"wp-video\"><video class=\"wp-video-shortcode\" id=\"video-4333-2\" width=\"1920\" height=\"1080\" preload=\"metadata\" controls=\"controls\"><source type=\"video\/mp4\" src=\"https:\/\/blogsaverroes.juntadeandalucia.es\/ceipsjcalasanz\/files\/2022\/05\/20220510_103241.mp4?_=2\" \/><a href=\"https:\/\/blogsaverroes.juntadeandalucia.es\/ceipsjcalasanz\/files\/2022\/05\/20220510_103241.mp4\">https:\/\/blogsaverroes.juntadeandalucia.es\/ceipsjcalasanz\/files\/2022\/05\/20220510_103241.mp4<\/a><\/video><\/div>\n<p><a href=\"https:\/\/blogsaverroes.juntadeandalucia.es\/ceipsjcalasanz\/files\/2022\/05\/Charla-6\u00ba-scaled.jpg\"><img loading=\"lazy\" decoding=\"async\" class=\"aligncenter size-full wp-image-4337\" src=\"https:\/\/blogsaverroes.juntadeandalucia.es\/ceipsjcalasanz\/files\/2022\/05\/Charla-6\u00ba-scaled.jpg\" alt=\"\" width=\"1600\" height=\"1200\" srcset=\"https:\/\/blogsaverroes.juntadeandalucia.es\/ceipsjcalasanz\/files\/2022\/05\/Charla-6\u00ba-scaled.jpg 1600w, https:\/\/blogsaverroes.juntadeandalucia.es\/ceipsjcalasanz\/files\/2022\/05\/Charla-6\u00ba-300x225.jpg 300w, https:\/\/blogsaverroes.juntadeandalucia.es\/ceipsjcalasanz\/files\/2022\/05\/Charla-6\u00ba-1024x768.jpg 1024w, https:\/\/blogsaverroes.juntadeandalucia.es\/ceipsjcalasanz\/files\/2022\/05\/Charla-6\u00ba-768x576.jpg 768w, https:\/\/blogsaverroes.juntadeandalucia.es\/ceipsjcalasanz\/files\/2022\/05\/Charla-6\u00ba-1536x1152.jpg 1536w, https:\/\/blogsaverroes.juntadeandalucia.es\/ceipsjcalasanz\/files\/2022\/05\/Charla-6\u00ba-2048x1536.jpg 2048w\" sizes=\"(max-width: 1600px) 100vw, 1600px\" \/><\/a><\/p>\n<p>&nbsp;<\/p>\n","protected":false},"excerpt":{"rendered":"<p>Encuadradas dentro de las JORNADAS DE EDUCACI\u00d3N VIAL que se est\u00e1n desarrollando durante este mes de mayo, se est\u00e1n impartiendo por parte de la Polic\u00eda Local unas charlas a todo el alumnado del centro. Los miembros de dicho cuerpo se est\u00e1n pasando por todas las clases para concienciar a los chicos y chicas de la importancia del cumplimiento de las normas y medidas de seguridad, tanto si viajamos en coche o en bicicleta, como si lo hacemos caminando como peatones.&#46;&#46;&#46;<\/p>\n","protected":false},"author":11180,"featured_media":4334,"comment_status":"open","ping_status":"open","sticky":false,"template":"","format":"standard","meta":{"ngg_post_thumbnail":0,"footnotes":""},"categories":[2351770],"tags":[2351893],"aioseo_notices":[],"_links":{"self":[{"href":"https:\/\/blogsaverroes.juntadeandalucia.es\/ceipsjcalasanz\/wp-json\/wp\/v2\/posts\/4333"}],"collection":[{"href":"https:\/\/blogsaverroes.juntadeandalucia.es\/ceipsjcalasanz\/wp-json\/wp\/v2\/posts"}],"about":[{"href":"https:\/\/blogsaverroes.juntadeandalucia.es\/ceipsjcalasanz\/wp-json\/wp\/v2\/types\/post"}],"author":[{"embeddable":true,"href":"https:\/\/blogsaverroes.juntadeandalucia.es\/ceipsjcalasanz\/wp-json\/wp\/v2\/users\/11180"}],"replies":[{"embeddable":true,"href":"https:\/\/blogsaverroes.juntadeandalucia.es\/ceipsjcalasanz\/wp-json\/wp\/v2\/comments?post=4333"}],"version-history":[{"count":1,"href":"https:\/\/blogsaverroes.juntadeandalucia.es\/ceipsjcalasanz\/wp-json\/wp\/v2\/posts\/4333\/revisions"}],"predecessor-version":[{"id":4338,"href":"https:\/\/blogsaverroes.juntadeandalucia.es\/ceipsjcalasanz\/wp-json\/wp\/v2\/posts\/4333\/revisions\/4338"}],"wp:featuredmedia":[{"embeddable":true,"href":"https:\/\/blogsaverroes.juntadeandalucia.es\/ceipsjcalasanz\/wp-json\/wp\/v2\/media\/4334"}],"wp:attachment":[{"href":"https:\/\/blogsaverroes.juntadeandalucia.es\/ceipsjcalasanz\/wp-json\/wp\/v2\/media?parent=4333"}],"wp:term":[{"taxonomy":"category","embeddable":true,"href":"https:\/\/blogsaverroes.juntadeandalucia.es\/ceipsjcalasanz\/wp-json\/wp\/v2\/categories?post=4333"},{"taxonomy":"post_tag","embeddable":true,"href":"https:\/\/blogsaverroes.juntadeandalucia.es\/ceipsjcalasanz\/wp-json\/wp\/v2\/tags?post=4333"}],"curies":[{"name":"wp","href":"https:\/\/api.w.org\/{rel}","templated":true}]}}