{"id":4378,"date":"2022-05-18T11:15:58","date_gmt":"2022-05-18T11:15:58","guid":{"rendered":"https:\/\/blogsaverroes.juntadeandalucia.es\/ceipsjcalasanz\/?p=4378"},"modified":"2022-05-18T11:15:58","modified_gmt":"2022-05-18T11:15:58","slug":"nos-despedimos-de-francisco","status":"publish","type":"post","link":"https:\/\/blogsaverroes.juntadeandalucia.es\/ceipsjcalasanz\/nos-despedimos-de-francisco\/","title":{"rendered":"NOS DESPEDIMOS DE FRANCISCO"},"content":{"rendered":"<p style=\"text-align: justify\">Recientemente nos hemos despedido de una persona excepcional que, tras muchos a\u00f1os de dedicaci\u00f3n en las tareas de vigilancia, mantenimiento y conserjer\u00eda en el colegio, va a disfrutar de una merecida jubilaci\u00f3n. Nos estamos refiriendo a nuestro ya ex conserje <strong>Francisco Mantero<\/strong>.<\/p>\n<p style=\"text-align: justify\">Tanto el Equipo directivo como el resto de maestros y maestras y personal de nuestro centro queremos reconocer la dedicaci\u00f3n y el esfuerzo con el que se ha caracterizado el esp\u00edritu de este hombre que, de manera silenciosa y prudente, ha sabido brindar todo su empe\u00f1o en que el colegio estuviera siempre a punto.<\/p>\n<p style=\"text-align: justify\">Compartimos con todos vosotros el texto incluido en un sencillo diploma con el que lo obsequiamos el d\u00eda de su despedida:<\/p>\n<p style=\"text-align: justify\"><em><strong>\u00ab&#8230;por su desempe\u00f1o sin igual como Conserje de este Centro durante estos \u00faltimos a\u00f1os, mientras le felicitamos por su pronta y merecida jubilaci\u00f3n. Su labor desempe\u00f1ada se evidencia por la gran eficiencia y dedicaci\u00f3n tanto en las tareas encomendadas como en las realizadas por iniciativa propia. Le vamos a extra\u00f1ar mucho y le enviamos nuestros deseos para una feliz jubilaci\u00f3n\u00bb.<\/strong><\/em><\/p>\n<p>Hasta siempre, amigo.<\/p>\nngg_shortcode_0_placeholder\n","protected":false},"excerpt":{"rendered":"<p>Recientemente nos hemos despedido de una persona excepcional que, tras muchos a\u00f1os de dedicaci\u00f3n en las tareas de vigilancia, mantenimiento y conserjer\u00eda en el colegio, va a disfrutar de una merecida jubilaci\u00f3n. Nos estamos refiriendo a nuestro ya ex conserje Francisco Mantero. Tanto el Equipo directivo como el resto de maestros y maestras y personal de nuestro centro queremos reconocer la dedicaci\u00f3n y el esfuerzo con el que se ha caracterizado el esp\u00edritu de este hombre que, de manera silenciosa&#46;&#46;&#46;<\/p>\n","protected":false},"author":11180,"featured_media":4379,"comment_status":"open","ping_status":"open","sticky":false,"template":"","format":"standard","meta":{"ngg_post_thumbnail":0,"footnotes":""},"categories":[2351768],"tags":[2351895],"aioseo_notices":[],"_links":{"self":[{"href":"https:\/\/blogsaverroes.juntadeandalucia.es\/ceipsjcalasanz\/wp-json\/wp\/v2\/posts\/4378"}],"collection":[{"href":"https:\/\/blogsaverroes.juntadeandalucia.es\/ceipsjcalasanz\/wp-json\/wp\/v2\/posts"}],"about":[{"href":"https:\/\/blogsaverroes.juntadeandalucia.es\/ceipsjcalasanz\/wp-json\/wp\/v2\/types\/post"}],"author":[{"embeddable":true,"href":"https:\/\/blogsaverroes.juntadeandalucia.es\/ceipsjcalasanz\/wp-json\/wp\/v2\/users\/11180"}],"replies":[{"embeddable":true,"href":"https:\/\/blogsaverroes.juntadeandalucia.es\/ceipsjcalasanz\/wp-json\/wp\/v2\/comments?post=4378"}],"version-history":[{"count":1,"href":"https:\/\/blogsaverroes.juntadeandalucia.es\/ceipsjcalasanz\/wp-json\/wp\/v2\/posts\/4378\/revisions"}],"predecessor-version":[{"id":4384,"href":"https:\/\/blogsaverroes.juntadeandalucia.es\/ceipsjcalasanz\/wp-json\/wp\/v2\/posts\/4378\/revisions\/4384"}],"wp:featuredmedia":[{"embeddable":true,"href":"https:\/\/blogsaverroes.juntadeandalucia.es\/ceipsjcalasanz\/wp-json\/wp\/v2\/media\/4379"}],"wp:attachment":[{"href":"https:\/\/blogsaverroes.juntadeandalucia.es\/ceipsjcalasanz\/wp-json\/wp\/v2\/media?parent=4378"}],"wp:term":[{"taxonomy":"category","embeddable":true,"href":"https:\/\/blogsaverroes.juntadeandalucia.es\/ceipsjcalasanz\/wp-json\/wp\/v2\/categories?post=4378"},{"taxonomy":"post_tag","embeddable":true,"href":"https:\/\/blogsaverroes.juntadeandalucia.es\/ceipsjcalasanz\/wp-json\/wp\/v2\/tags?post=4378"}],"curies":[{"name":"wp","href":"https:\/\/api.w.org\/{rel}","templated":true}]}}