{"id":4421,"date":"2022-05-21T13:34:14","date_gmt":"2022-05-21T13:34:14","guid":{"rendered":"https:\/\/blogsaverroes.juntadeandalucia.es\/ceipsjcalasanz\/?p=4421"},"modified":"2022-05-21T13:34:14","modified_gmt":"2022-05-21T13:34:14","slug":"charlas-educacion-emocional","status":"publish","type":"post","link":"https:\/\/blogsaverroes.juntadeandalucia.es\/ceipsjcalasanz\/charlas-educacion-emocional\/","title":{"rendered":"CHARLAS EDUCACI\u00d3N EMOCIONAL"},"content":{"rendered":"<p style=\"text-align: justify\">Los pr\u00f3ximos <strong>24 de mayo y 7 de junio<\/strong> van a tener lugar sendas charlas sobre <strong>educaci\u00f3n emocional<\/strong> en el<strong> IES <em>Celti<\/em><\/strong> de la localidad.<\/p>\n<p style=\"text-align: justify\"><span style=\"font-weight: 400\">Esta actividad se hace extensiva a las <strong>familias de los alumnos y alumnas de 6\u00ba<\/strong> de nuestro colegio y se celebrar\u00e1 en la Biblioteca del Instituto en horario de 18 a 20 h. La profesional que imparte la ponencia, Mari Paz Serrano, que ya nos visit\u00f3 hace algunas semanas, tratar\u00e1 temas tan interesantes como la comunicaci\u00f3n en la familia y la escucha activa.<\/span><\/p>\n<p style=\"text-align: justify\">Esperamos que esta actividad sea de provecho para las familias de nuestro alumnado.<\/p>\n","protected":false},"excerpt":{"rendered":"<p>Los pr\u00f3ximos 24 de mayo y 7 de junio van a tener lugar sendas charlas sobre educaci\u00f3n emocional en el IES Celti de la localidad. Esta actividad se hace extensiva a las familias de los alumnos y alumnas de 6\u00ba de nuestro colegio y se celebrar\u00e1 en la Biblioteca del Instituto en horario de 18 a 20 h. La profesional que imparte la ponencia, Mari Paz Serrano, que ya nos visit\u00f3 hace algunas semanas, tratar\u00e1 temas tan interesantes como la&#46;&#46;&#46;<\/p>\n","protected":false},"author":11180,"featured_media":4422,"comment_status":"open","ping_status":"open","sticky":false,"template":"","format":"standard","meta":{"ngg_post_thumbnail":0,"footnotes":""},"categories":[2351798],"tags":[2351896],"aioseo_notices":[],"_links":{"self":[{"href":"https:\/\/blogsaverroes.juntadeandalucia.es\/ceipsjcalasanz\/wp-json\/wp\/v2\/posts\/4421"}],"collection":[{"href":"https:\/\/blogsaverroes.juntadeandalucia.es\/ceipsjcalasanz\/wp-json\/wp\/v2\/posts"}],"about":[{"href":"https:\/\/blogsaverroes.juntadeandalucia.es\/ceipsjcalasanz\/wp-json\/wp\/v2\/types\/post"}],"author":[{"embeddable":true,"href":"https:\/\/blogsaverroes.juntadeandalucia.es\/ceipsjcalasanz\/wp-json\/wp\/v2\/users\/11180"}],"replies":[{"embeddable":true,"href":"https:\/\/blogsaverroes.juntadeandalucia.es\/ceipsjcalasanz\/wp-json\/wp\/v2\/comments?post=4421"}],"version-history":[{"count":1,"href":"https:\/\/blogsaverroes.juntadeandalucia.es\/ceipsjcalasanz\/wp-json\/wp\/v2\/posts\/4421\/revisions"}],"predecessor-version":[{"id":4423,"href":"https:\/\/blogsaverroes.juntadeandalucia.es\/ceipsjcalasanz\/wp-json\/wp\/v2\/posts\/4421\/revisions\/4423"}],"wp:featuredmedia":[{"embeddable":true,"href":"https:\/\/blogsaverroes.juntadeandalucia.es\/ceipsjcalasanz\/wp-json\/wp\/v2\/media\/4422"}],"wp:attachment":[{"href":"https:\/\/blogsaverroes.juntadeandalucia.es\/ceipsjcalasanz\/wp-json\/wp\/v2\/media?parent=4421"}],"wp:term":[{"taxonomy":"category","embeddable":true,"href":"https:\/\/blogsaverroes.juntadeandalucia.es\/ceipsjcalasanz\/wp-json\/wp\/v2\/categories?post=4421"},{"taxonomy":"post_tag","embeddable":true,"href":"https:\/\/blogsaverroes.juntadeandalucia.es\/ceipsjcalasanz\/wp-json\/wp\/v2\/tags?post=4421"}],"curies":[{"name":"wp","href":"https:\/\/api.w.org\/{rel}","templated":true}]}}