{"id":4477,"date":"2022-06-03T11:51:38","date_gmt":"2022-06-03T11:51:38","guid":{"rendered":"https:\/\/blogsaverroes.juntadeandalucia.es\/ceipsjcalasanz\/?p=4477"},"modified":"2022-06-03T11:51:38","modified_gmt":"2022-06-03T11:51:38","slug":"desayunos-vitales-3","status":"publish","type":"post","link":"https:\/\/blogsaverroes.juntadeandalucia.es\/ceipsjcalasanz\/desayunos-vitales-3\/","title":{"rendered":"DESAYUNOS VITALES"},"content":{"rendered":"<p style=\"text-align: justify\">En la ma\u00f1ana de hoy, primer viernes del tan esperado mes de junio, hemos concluido una de las actividades m\u00e1s entra\u00f1ables y emotivas de este curso. Nos referimos a los <strong>DESAYUNOS VITALES<\/strong>.<\/p>\n<p style=\"text-align: justify\">Esta actividad, programada dentro del <strong>Plan de H\u00e1bitos Saludables<\/strong> de nuestro cole, ha contado con la colaboraci\u00f3n de las familias, las cuales han dedicado hermosas palabras de amor y cari\u00f1o hacia los suyos en la hora del desayuno.<\/p>\n<p style=\"text-align: justify\">Aqu\u00ed ten\u00e9is unas im\u00e1genes que lo corroboran.<\/p>\nngg_shortcode_0_placeholder\n","protected":false},"excerpt":{"rendered":"<p>En la ma\u00f1ana de hoy, primer viernes del tan esperado mes de junio, hemos concluido una de las actividades m\u00e1s entra\u00f1ables y emotivas de este curso. Nos referimos a los DESAYUNOS VITALES. Esta actividad, programada dentro del Plan de H\u00e1bitos Saludables de nuestro cole, ha contado con la colaboraci\u00f3n de las familias, las cuales han dedicado hermosas palabras de amor y cari\u00f1o hacia los suyos en la hora del desayuno. Aqu\u00ed ten\u00e9is unas im\u00e1genes que lo corroboran.<\/p>\n","protected":false},"author":11180,"featured_media":4478,"comment_status":"open","ping_status":"open","sticky":false,"template":"","format":"standard","meta":{"ngg_post_thumbnail":0,"footnotes":""},"categories":[2351859],"tags":[2351866],"aioseo_notices":[],"_links":{"self":[{"href":"https:\/\/blogsaverroes.juntadeandalucia.es\/ceipsjcalasanz\/wp-json\/wp\/v2\/posts\/4477"}],"collection":[{"href":"https:\/\/blogsaverroes.juntadeandalucia.es\/ceipsjcalasanz\/wp-json\/wp\/v2\/posts"}],"about":[{"href":"https:\/\/blogsaverroes.juntadeandalucia.es\/ceipsjcalasanz\/wp-json\/wp\/v2\/types\/post"}],"author":[{"embeddable":true,"href":"https:\/\/blogsaverroes.juntadeandalucia.es\/ceipsjcalasanz\/wp-json\/wp\/v2\/users\/11180"}],"replies":[{"embeddable":true,"href":"https:\/\/blogsaverroes.juntadeandalucia.es\/ceipsjcalasanz\/wp-json\/wp\/v2\/comments?post=4477"}],"version-history":[{"count":1,"href":"https:\/\/blogsaverroes.juntadeandalucia.es\/ceipsjcalasanz\/wp-json\/wp\/v2\/posts\/4477\/revisions"}],"predecessor-version":[{"id":4489,"href":"https:\/\/blogsaverroes.juntadeandalucia.es\/ceipsjcalasanz\/wp-json\/wp\/v2\/posts\/4477\/revisions\/4489"}],"wp:featuredmedia":[{"embeddable":true,"href":"https:\/\/blogsaverroes.juntadeandalucia.es\/ceipsjcalasanz\/wp-json\/wp\/v2\/media\/4478"}],"wp:attachment":[{"href":"https:\/\/blogsaverroes.juntadeandalucia.es\/ceipsjcalasanz\/wp-json\/wp\/v2\/media?parent=4477"}],"wp:term":[{"taxonomy":"category","embeddable":true,"href":"https:\/\/blogsaverroes.juntadeandalucia.es\/ceipsjcalasanz\/wp-json\/wp\/v2\/categories?post=4477"},{"taxonomy":"post_tag","embeddable":true,"href":"https:\/\/blogsaverroes.juntadeandalucia.es\/ceipsjcalasanz\/wp-json\/wp\/v2\/tags?post=4477"}],"curies":[{"name":"wp","href":"https:\/\/api.w.org\/{rel}","templated":true}]}}