{"id":4608,"date":"2022-06-20T18:21:44","date_gmt":"2022-06-20T18:21:44","guid":{"rendered":"https:\/\/blogsaverroes.juntadeandalucia.es\/ceipsjcalasanz\/?p=4608"},"modified":"2022-06-20T18:21:44","modified_gmt":"2022-06-20T18:21:44","slug":"viaje-fin-de-curso","status":"publish","type":"post","link":"https:\/\/blogsaverroes.juntadeandalucia.es\/ceipsjcalasanz\/viaje-fin-de-curso\/","title":{"rendered":"VIAJE FIN DE CURSO"},"content":{"rendered":"<p style=\"text-align: justify\">Hoy por fin han partido los alumnos y alumnas de <strong>6\u00ba de Primaria<\/strong> hacia Cazorla, destino de su esperado Viaje de Fin de curso.<\/p>\n<p style=\"text-align: justify\">Esta \u00faltima semana de curso, los chicos y chicas de la <strong>maestra Marta Margarita<\/strong> y del <strong>maestro \u00c1ngel,<\/strong> van a disfrutar de una magn\u00edfica estancia en el <strong>Camping <em>\u00abPuente de las Herrer\u00edas\u00bb<\/em><\/strong>, situado en las inmediaciones del nacimiento del r\u00edo Guadalquivir, en pleno Parque Natural de Cazorla, Segura y Las Villas (Ja\u00e9n).<\/p>\n<p style=\"text-align: justify\">En los pr\u00f3ximos d\u00edas dejaremos por aqu\u00ed algunas fotos de las muchas y divertidas actividades que tienen programadas.<\/p>\nngg_shortcode_0_placeholder\n","protected":false},"excerpt":{"rendered":"<p>Hoy por fin han partido los alumnos y alumnas de 6\u00ba de Primaria hacia Cazorla, destino de su esperado Viaje de Fin de curso. Esta \u00faltima semana de curso, los chicos y chicas de la maestra Marta Margarita y del maestro \u00c1ngel, van a disfrutar de una magn\u00edfica estancia en el Camping \u00abPuente de las Herrer\u00edas\u00bb, situado en las inmediaciones del nacimiento del r\u00edo Guadalquivir, en pleno Parque Natural de Cazorla, Segura y Las Villas (Ja\u00e9n). En los pr\u00f3ximos d\u00edas&#46;&#46;&#46;<\/p>\n","protected":false},"author":11180,"featured_media":4609,"comment_status":"open","ping_status":"open","sticky":false,"template":"","format":"standard","meta":{"ngg_post_thumbnail":0,"footnotes":""},"categories":[2351686],"tags":[2351901],"aioseo_notices":[],"_links":{"self":[{"href":"https:\/\/blogsaverroes.juntadeandalucia.es\/ceipsjcalasanz\/wp-json\/wp\/v2\/posts\/4608"}],"collection":[{"href":"https:\/\/blogsaverroes.juntadeandalucia.es\/ceipsjcalasanz\/wp-json\/wp\/v2\/posts"}],"about":[{"href":"https:\/\/blogsaverroes.juntadeandalucia.es\/ceipsjcalasanz\/wp-json\/wp\/v2\/types\/post"}],"author":[{"embeddable":true,"href":"https:\/\/blogsaverroes.juntadeandalucia.es\/ceipsjcalasanz\/wp-json\/wp\/v2\/users\/11180"}],"replies":[{"embeddable":true,"href":"https:\/\/blogsaverroes.juntadeandalucia.es\/ceipsjcalasanz\/wp-json\/wp\/v2\/comments?post=4608"}],"version-history":[{"count":1,"href":"https:\/\/blogsaverroes.juntadeandalucia.es\/ceipsjcalasanz\/wp-json\/wp\/v2\/posts\/4608\/revisions"}],"predecessor-version":[{"id":4614,"href":"https:\/\/blogsaverroes.juntadeandalucia.es\/ceipsjcalasanz\/wp-json\/wp\/v2\/posts\/4608\/revisions\/4614"}],"wp:featuredmedia":[{"embeddable":true,"href":"https:\/\/blogsaverroes.juntadeandalucia.es\/ceipsjcalasanz\/wp-json\/wp\/v2\/media\/4609"}],"wp:attachment":[{"href":"https:\/\/blogsaverroes.juntadeandalucia.es\/ceipsjcalasanz\/wp-json\/wp\/v2\/media?parent=4608"}],"wp:term":[{"taxonomy":"category","embeddable":true,"href":"https:\/\/blogsaverroes.juntadeandalucia.es\/ceipsjcalasanz\/wp-json\/wp\/v2\/categories?post=4608"},{"taxonomy":"post_tag","embeddable":true,"href":"https:\/\/blogsaverroes.juntadeandalucia.es\/ceipsjcalasanz\/wp-json\/wp\/v2\/tags?post=4608"}],"curies":[{"name":"wp","href":"https:\/\/api.w.org\/{rel}","templated":true}]}}