{"id":4816,"date":"2022-11-10T22:55:22","date_gmt":"2022-11-10T22:55:22","guid":{"rendered":"https:\/\/blogsaverroes.juntadeandalucia.es\/ceipsjcalasanz\/?p=4816"},"modified":"2022-11-10T22:55:22","modified_gmt":"2022-11-10T22:55:22","slug":"desayunos-vitales-4","status":"publish","type":"post","link":"https:\/\/blogsaverroes.juntadeandalucia.es\/ceipsjcalasanz\/desayunos-vitales-4\/","title":{"rendered":"DESAYUNOS VITALES"},"content":{"rendered":"<p style=\"text-align: justify\">\u00a1\u00a1Ya hemos puesto en marcha el proyecto <strong>DESAYUNOS VITALES<\/strong>!!<\/p>\n<p style=\"text-align: justify\">Con la colaboraci\u00f3n de las familias de los alumnos y alumnas de <strong>Infantil y Primaria<\/strong>, los desayunos del primer viernes de cada mes est\u00e1n llegando acompa\u00f1ados por unos mensajes muy especiales: palabras de cari\u00f1o y aliento que desde casa han dedicado a los peques y a los grupos de clase. Con esta bonita actividad nos proponemos fomentar la autoestima de los ni\u00f1os y ni\u00f1as y mejorar la convivencia en el centro.<\/p>\n<p style=\"text-align: justify\">Ya tenemos preparados unos murales muy atractivos en diversas zonas del cole.<\/p>\nngg_shortcode_0_placeholder\n","protected":false},"excerpt":{"rendered":"<p>\u00a1\u00a1Ya hemos puesto en marcha el proyecto DESAYUNOS VITALES!! Con la colaboraci\u00f3n de las familias de los alumnos y alumnas de Infantil y Primaria, los desayunos del primer viernes de cada mes est\u00e1n llegando acompa\u00f1ados por unos mensajes muy especiales: palabras de cari\u00f1o y aliento que desde casa han dedicado a los peques y a los grupos de clase. Con esta bonita actividad nos proponemos fomentar la autoestima de los ni\u00f1os y ni\u00f1as y mejorar la convivencia en el centro.&#46;&#46;&#46;<\/p>\n","protected":false},"author":11180,"featured_media":4817,"comment_status":"open","ping_status":"open","sticky":false,"template":"","format":"standard","meta":{"ngg_post_thumbnail":0,"footnotes":""},"categories":[2351859],"tags":[2351860],"aioseo_notices":[],"_links":{"self":[{"href":"https:\/\/blogsaverroes.juntadeandalucia.es\/ceipsjcalasanz\/wp-json\/wp\/v2\/posts\/4816"}],"collection":[{"href":"https:\/\/blogsaverroes.juntadeandalucia.es\/ceipsjcalasanz\/wp-json\/wp\/v2\/posts"}],"about":[{"href":"https:\/\/blogsaverroes.juntadeandalucia.es\/ceipsjcalasanz\/wp-json\/wp\/v2\/types\/post"}],"author":[{"embeddable":true,"href":"https:\/\/blogsaverroes.juntadeandalucia.es\/ceipsjcalasanz\/wp-json\/wp\/v2\/users\/11180"}],"replies":[{"embeddable":true,"href":"https:\/\/blogsaverroes.juntadeandalucia.es\/ceipsjcalasanz\/wp-json\/wp\/v2\/comments?post=4816"}],"version-history":[{"count":1,"href":"https:\/\/blogsaverroes.juntadeandalucia.es\/ceipsjcalasanz\/wp-json\/wp\/v2\/posts\/4816\/revisions"}],"predecessor-version":[{"id":4822,"href":"https:\/\/blogsaverroes.juntadeandalucia.es\/ceipsjcalasanz\/wp-json\/wp\/v2\/posts\/4816\/revisions\/4822"}],"wp:featuredmedia":[{"embeddable":true,"href":"https:\/\/blogsaverroes.juntadeandalucia.es\/ceipsjcalasanz\/wp-json\/wp\/v2\/media\/4817"}],"wp:attachment":[{"href":"https:\/\/blogsaverroes.juntadeandalucia.es\/ceipsjcalasanz\/wp-json\/wp\/v2\/media?parent=4816"}],"wp:term":[{"taxonomy":"category","embeddable":true,"href":"https:\/\/blogsaverroes.juntadeandalucia.es\/ceipsjcalasanz\/wp-json\/wp\/v2\/categories?post=4816"},{"taxonomy":"post_tag","embeddable":true,"href":"https:\/\/blogsaverroes.juntadeandalucia.es\/ceipsjcalasanz\/wp-json\/wp\/v2\/tags?post=4816"}],"curies":[{"name":"wp","href":"https:\/\/api.w.org\/{rel}","templated":true}]}}