{"id":4973,"date":"2022-12-23T11:33:00","date_gmt":"2022-12-23T11:33:00","guid":{"rendered":"https:\/\/blogsaverroes.juntadeandalucia.es\/ceipsjcalasanz\/?p=4973"},"modified":"2022-12-23T11:33:00","modified_gmt":"2022-12-23T11:33:00","slug":"feliz-navidad-a-todos","status":"publish","type":"post","link":"https:\/\/blogsaverroes.juntadeandalucia.es\/ceipsjcalasanz\/feliz-navidad-a-todos\/","title":{"rendered":"\u00a1\u00a1FELIZ NAVIDAD A TODOS!!"},"content":{"rendered":"<p style=\"text-align: justify\">Las aulas est\u00e1n desiertas y silenciosas, las pizarras impecables, la galer\u00eda callada y vac\u00eda de ni\u00f1os alborotados&#8230; se escucha el sonido de los pajarillos comi\u00e9ndose las lechugas de nuestro huerto&#8230; la sala de profesores est\u00e1 en penumbra&#8230; hay restos y pisquitos de polvor\u00f3n y mazap\u00e1n por doquier, y todav\u00eda resuenan los ecos de canciones y villancicos&#8230; se ven purpurinas y trozos de espumill\u00f3n por los rincones&#8230;<\/p>\n<p style=\"text-align: justify\">Parece que hoy me he levantado inspirado, pero&#8230;\u00bfQu\u00e9 ha pasado? \u00bf\u00bfEl cole cerrado y sin ni\u00f1os??<\/p>\n<p style=\"text-align: justify\">\u00a1\u00a1Ah!! \u00a1\u00a1Ya lo s\u00e9!! Hoy es 23 de diciembre y han terminado las clases porque han comenzado las <strong>VACACIONES DE NAVIDAD.<\/strong><\/p>\n<p style=\"text-align: justify\">No pens\u00e9is que nos hemos ido muy lejos: tan solo estamos recargando nuestras bater\u00edas para volver de nuevo en enero con las clases, la programaci\u00f3n de Lengua, Mates, Ciencias&#8230;, la Biblio, nuestro huerto&#8230; y tantas y tantas cosas que llenan nuestro d\u00eda a d\u00eda.<\/p>\n<p style=\"text-align: justify\">Deseamos a toda la comunidad educativa una <strong>FELIZ NAVIDAD<\/strong> y una buen\u00edsima entrada en el <strong>NUEVO A\u00d1O<\/strong>.<\/p>\n<p style=\"text-align: justify\">En breve tendr\u00e9is por aqu\u00ed los enlaces para poder ver las actuaciones, canciones y bailes de todos los grupos.<\/p>\n<p style=\"text-align: justify\">Compartimos algunas im\u00e1genes de la Fiesta de Navidad.<\/p>\n<p style=\"text-align: justify\">\u00a1\u00a1Hasta pronto!!<\/p>\nngg_shortcode_0_placeholder\n","protected":false},"excerpt":{"rendered":"<p>Las aulas est\u00e1n desiertas y silenciosas, las pizarras impecables, la galer\u00eda callada y vac\u00eda de ni\u00f1os alborotados&#8230; se escucha el sonido de los pajarillos comi\u00e9ndose las lechugas de nuestro huerto&#8230; la sala de profesores est\u00e1 en penumbra&#8230; hay restos y pisquitos de polvor\u00f3n y mazap\u00e1n por doquier, y todav\u00eda resuenan los ecos de canciones y villancicos&#8230; se ven purpurinas y trozos de espumill\u00f3n por los rincones&#8230; Parece que hoy me he levantado inspirado, pero&#8230;\u00bfQu\u00e9 ha pasado? \u00bf\u00bfEl cole cerrado y&#46;&#46;&#46;<\/p>\n","protected":false},"author":11180,"featured_media":4989,"comment_status":"open","ping_status":"open","sticky":false,"template":"","format":"standard","meta":{"ngg_post_thumbnail":0,"footnotes":""},"categories":[2351653],"tags":[2351848],"aioseo_notices":[],"_links":{"self":[{"href":"https:\/\/blogsaverroes.juntadeandalucia.es\/ceipsjcalasanz\/wp-json\/wp\/v2\/posts\/4973"}],"collection":[{"href":"https:\/\/blogsaverroes.juntadeandalucia.es\/ceipsjcalasanz\/wp-json\/wp\/v2\/posts"}],"about":[{"href":"https:\/\/blogsaverroes.juntadeandalucia.es\/ceipsjcalasanz\/wp-json\/wp\/v2\/types\/post"}],"author":[{"embeddable":true,"href":"https:\/\/blogsaverroes.juntadeandalucia.es\/ceipsjcalasanz\/wp-json\/wp\/v2\/users\/11180"}],"replies":[{"embeddable":true,"href":"https:\/\/blogsaverroes.juntadeandalucia.es\/ceipsjcalasanz\/wp-json\/wp\/v2\/comments?post=4973"}],"version-history":[{"count":1,"href":"https:\/\/blogsaverroes.juntadeandalucia.es\/ceipsjcalasanz\/wp-json\/wp\/v2\/posts\/4973\/revisions"}],"predecessor-version":[{"id":4990,"href":"https:\/\/blogsaverroes.juntadeandalucia.es\/ceipsjcalasanz\/wp-json\/wp\/v2\/posts\/4973\/revisions\/4990"}],"wp:featuredmedia":[{"embeddable":true,"href":"https:\/\/blogsaverroes.juntadeandalucia.es\/ceipsjcalasanz\/wp-json\/wp\/v2\/media\/4989"}],"wp:attachment":[{"href":"https:\/\/blogsaverroes.juntadeandalucia.es\/ceipsjcalasanz\/wp-json\/wp\/v2\/media?parent=4973"}],"wp:term":[{"taxonomy":"category","embeddable":true,"href":"https:\/\/blogsaverroes.juntadeandalucia.es\/ceipsjcalasanz\/wp-json\/wp\/v2\/categories?post=4973"},{"taxonomy":"post_tag","embeddable":true,"href":"https:\/\/blogsaverroes.juntadeandalucia.es\/ceipsjcalasanz\/wp-json\/wp\/v2\/tags?post=4973"}],"curies":[{"name":"wp","href":"https:\/\/api.w.org\/{rel}","templated":true}]}}