{"id":4992,"date":"2023-01-22T18:22:21","date_gmt":"2023-01-22T18:22:21","guid":{"rendered":"https:\/\/blogsaverroes.juntadeandalucia.es\/ceipsjcalasanz\/?p=4992"},"modified":"2023-01-22T18:29:13","modified_gmt":"2023-01-22T18:29:13","slug":"adios-a-una-magnifica-profesional","status":"publish","type":"post","link":"https:\/\/blogsaverroes.juntadeandalucia.es\/ceipsjcalasanz\/adios-a-una-magnifica-profesional\/","title":{"rendered":"ADI\u00d3S A UNA MAGN\u00cdFICA PROFESIONAL"},"content":{"rendered":"<p style=\"text-align: justify\">En busca de una nueva aventura laboral en tierras jienenses, nos dej\u00f3 hace unos d\u00edas una excepcional profesional y mejor persona: la se\u00f1o Tania.<\/p>\n<p style=\"text-align: justify\">Nuestra <strong>monitora escolar Tania Mar\u00eda Garc\u00eda Luque<\/strong>, que ven\u00eda desempe\u00f1ando de forma impecable en nuestro centro labores como Personal T\u00e9cnico de Integraci\u00f3n Social (PTIS), nos ha dejado despu\u00e9s de m\u00e1s de 13 a\u00f1os de atenci\u00f3n, dedicaci\u00f3n y cari\u00f1o hacia nuestros alumnos y alumnas.<\/p>\n<p style=\"text-align: justify\">El claustro de profesores y profesoras quiere reconocer desde estas l\u00edneas el grado de compromiso que ha mostrado en todo este tiempo por la consecuci\u00f3n de una mejora en la atenci\u00f3n socio educativa y, c\u00f3mo no, afectivo y emocional, de los m\u00e1s peque\u00f1os. Le deseamos much\u00edsimos \u00e9xitos en este nuevo camino que comienza.<\/p>\n<p style=\"text-align: justify\">\u00a1\u00a1Hasta siempre, Tania!!<\/p>\n<p><a href=\"https:\/\/blogsaverroes.juntadeandalucia.es\/ceipsjcalasanz\/files\/2023\/01\/placa.jpg\"><img loading=\"lazy\" decoding=\"async\" class=\"aligncenter size-full wp-image-4994\" src=\"https:\/\/blogsaverroes.juntadeandalucia.es\/ceipsjcalasanz\/files\/2023\/01\/placa.jpg\" alt=\"\" width=\"807\" height=\"611\" srcset=\"https:\/\/blogsaverroes.juntadeandalucia.es\/ceipsjcalasanz\/files\/2023\/01\/placa.jpg 807w, https:\/\/blogsaverroes.juntadeandalucia.es\/ceipsjcalasanz\/files\/2023\/01\/placa-300x227.jpg 300w, https:\/\/blogsaverroes.juntadeandalucia.es\/ceipsjcalasanz\/files\/2023\/01\/placa-768x581.jpg 768w\" sizes=\"(max-width: 807px) 100vw, 807px\" \/><\/a><\/p>\n","protected":false},"excerpt":{"rendered":"<p>En busca de una nueva aventura laboral en tierras jienenses, nos dej\u00f3 hace unos d\u00edas una excepcional profesional y mejor persona: la se\u00f1o Tania. Nuestra monitora escolar Tania Mar\u00eda Garc\u00eda Luque, que ven\u00eda desempe\u00f1ando de forma impecable en nuestro centro labores como Personal T\u00e9cnico de Integraci\u00f3n Social (PTIS), nos ha dejado despu\u00e9s de m\u00e1s de 13 a\u00f1os de atenci\u00f3n, dedicaci\u00f3n y cari\u00f1o hacia nuestros alumnos y alumnas. El claustro de profesores y profesoras quiere reconocer desde estas l\u00edneas el grado&#46;&#46;&#46;<\/p>\n","protected":false},"author":11180,"featured_media":4993,"comment_status":"open","ping_status":"open","sticky":false,"template":"","format":"standard","meta":{"ngg_post_thumbnail":0,"footnotes":""},"categories":[2351768],"tags":[2351895],"aioseo_notices":[],"_links":{"self":[{"href":"https:\/\/blogsaverroes.juntadeandalucia.es\/ceipsjcalasanz\/wp-json\/wp\/v2\/posts\/4992"}],"collection":[{"href":"https:\/\/blogsaverroes.juntadeandalucia.es\/ceipsjcalasanz\/wp-json\/wp\/v2\/posts"}],"about":[{"href":"https:\/\/blogsaverroes.juntadeandalucia.es\/ceipsjcalasanz\/wp-json\/wp\/v2\/types\/post"}],"author":[{"embeddable":true,"href":"https:\/\/blogsaverroes.juntadeandalucia.es\/ceipsjcalasanz\/wp-json\/wp\/v2\/users\/11180"}],"replies":[{"embeddable":true,"href":"https:\/\/blogsaverroes.juntadeandalucia.es\/ceipsjcalasanz\/wp-json\/wp\/v2\/comments?post=4992"}],"version-history":[{"count":2,"href":"https:\/\/blogsaverroes.juntadeandalucia.es\/ceipsjcalasanz\/wp-json\/wp\/v2\/posts\/4992\/revisions"}],"predecessor-version":[{"id":4998,"href":"https:\/\/blogsaverroes.juntadeandalucia.es\/ceipsjcalasanz\/wp-json\/wp\/v2\/posts\/4992\/revisions\/4998"}],"wp:featuredmedia":[{"embeddable":true,"href":"https:\/\/blogsaverroes.juntadeandalucia.es\/ceipsjcalasanz\/wp-json\/wp\/v2\/media\/4993"}],"wp:attachment":[{"href":"https:\/\/blogsaverroes.juntadeandalucia.es\/ceipsjcalasanz\/wp-json\/wp\/v2\/media?parent=4992"}],"wp:term":[{"taxonomy":"category","embeddable":true,"href":"https:\/\/blogsaverroes.juntadeandalucia.es\/ceipsjcalasanz\/wp-json\/wp\/v2\/categories?post=4992"},{"taxonomy":"post_tag","embeddable":true,"href":"https:\/\/blogsaverroes.juntadeandalucia.es\/ceipsjcalasanz\/wp-json\/wp\/v2\/tags?post=4992"}],"curies":[{"name":"wp","href":"https:\/\/api.w.org\/{rel}","templated":true}]}}