{"id":5033,"date":"2023-01-30T22:50:33","date_gmt":"2023-01-30T22:50:33","guid":{"rendered":"https:\/\/blogsaverroes.juntadeandalucia.es\/ceipsjcalasanz\/?p=5033"},"modified":"2023-02-07T19:49:56","modified_gmt":"2023-02-07T19:49:56","slug":"recreos-vitales","status":"publish","type":"post","link":"https:\/\/blogsaverroes.juntadeandalucia.es\/ceipsjcalasanz\/recreos-vitales\/","title":{"rendered":"RECREOS VITALES"},"content":{"rendered":"<p style=\"text-align: justify\">Una nueva actividad se ha puesto en marcha en nuestro centro. Se trata de los <em><strong>\u00abRECREOS VITALES\u00bb<\/strong><\/em>, iniciativa que parte desde el <strong>Plan de H\u00e1bitos Saludables \u00abCreciendo en Salud\u00bb<\/strong>, que este curso coordina la se\u00f1o Eli de Infantil de 4 a\u00f1os.<\/p>\n<p style=\"text-align: justify\">Esta nueva experiencia trata de involucrar a los alumnos y alumnas de <strong>Tercer Ciclo<\/strong> de Primaria en la consecuci\u00f3n de unos recreos m\u00e1s divertidos, educativos e inclusivos. De manera voluntaria y cada mi\u00e9rcoles, los mayores de nuestro colegio se pasan por el patio de Infantil con la idea de ejercer de \u00abAyudantes de patios vitales\u00bb que colaboren en la organizaci\u00f3n de juegos y actividades l\u00fadicas con los m\u00e1s peque\u00f1os, siempre con la supervisi\u00f3n de los maestros y maestras.<\/p>\n<p style=\"text-align: justify\">La actividad est\u00e1 teniendo muy buena acogida. Os dejamos algunas im\u00e1genes.<\/p>\nngg_shortcode_0_placeholder\n","protected":false},"excerpt":{"rendered":"<p>Una nueva actividad se ha puesto en marcha en nuestro centro. Se trata de los \u00abRECREOS VITALES\u00bb, iniciativa que parte desde el Plan de H\u00e1bitos Saludables \u00abCreciendo en Salud\u00bb, que este curso coordina la se\u00f1o Eli de Infantil de 4 a\u00f1os. Esta nueva experiencia trata de involucrar a los alumnos y alumnas de Tercer Ciclo de Primaria en la consecuci\u00f3n de unos recreos m\u00e1s divertidos, educativos e inclusivos. De manera voluntaria y cada mi\u00e9rcoles, los mayores de nuestro colegio se&#46;&#46;&#46;<\/p>\n","protected":false},"author":11180,"featured_media":5034,"comment_status":"open","ping_status":"open","sticky":false,"template":"","format":"standard","meta":{"ngg_post_thumbnail":0,"footnotes":""},"categories":[2351725],"tags":[2351864],"aioseo_notices":[],"_links":{"self":[{"href":"https:\/\/blogsaverroes.juntadeandalucia.es\/ceipsjcalasanz\/wp-json\/wp\/v2\/posts\/5033"}],"collection":[{"href":"https:\/\/blogsaverroes.juntadeandalucia.es\/ceipsjcalasanz\/wp-json\/wp\/v2\/posts"}],"about":[{"href":"https:\/\/blogsaverroes.juntadeandalucia.es\/ceipsjcalasanz\/wp-json\/wp\/v2\/types\/post"}],"author":[{"embeddable":true,"href":"https:\/\/blogsaverroes.juntadeandalucia.es\/ceipsjcalasanz\/wp-json\/wp\/v2\/users\/11180"}],"replies":[{"embeddable":true,"href":"https:\/\/blogsaverroes.juntadeandalucia.es\/ceipsjcalasanz\/wp-json\/wp\/v2\/comments?post=5033"}],"version-history":[{"count":2,"href":"https:\/\/blogsaverroes.juntadeandalucia.es\/ceipsjcalasanz\/wp-json\/wp\/v2\/posts\/5033\/revisions"}],"predecessor-version":[{"id":5121,"href":"https:\/\/blogsaverroes.juntadeandalucia.es\/ceipsjcalasanz\/wp-json\/wp\/v2\/posts\/5033\/revisions\/5121"}],"wp:featuredmedia":[{"embeddable":true,"href":"https:\/\/blogsaverroes.juntadeandalucia.es\/ceipsjcalasanz\/wp-json\/wp\/v2\/media\/5034"}],"wp:attachment":[{"href":"https:\/\/blogsaverroes.juntadeandalucia.es\/ceipsjcalasanz\/wp-json\/wp\/v2\/media?parent=5033"}],"wp:term":[{"taxonomy":"category","embeddable":true,"href":"https:\/\/blogsaverroes.juntadeandalucia.es\/ceipsjcalasanz\/wp-json\/wp\/v2\/categories?post=5033"},{"taxonomy":"post_tag","embeddable":true,"href":"https:\/\/blogsaverroes.juntadeandalucia.es\/ceipsjcalasanz\/wp-json\/wp\/v2\/tags?post=5033"}],"curies":[{"name":"wp","href":"https:\/\/api.w.org\/{rel}","templated":true}]}}