{"id":5066,"date":"2023-02-05T12:27:04","date_gmt":"2023-02-05T12:27:04","guid":{"rendered":"https:\/\/blogsaverroes.juntadeandalucia.es\/ceipsjcalasanz\/?p=5066"},"modified":"2023-02-05T12:27:04","modified_gmt":"2023-02-05T12:27:04","slug":"charlas-plan-director-2","status":"publish","type":"post","link":"https:\/\/blogsaverroes.juntadeandalucia.es\/ceipsjcalasanz\/charlas-plan-director-2\/","title":{"rendered":"CHARLAS PLAN DIRECTOR"},"content":{"rendered":"<p style=\"text-align: justify\">Esta semana nos ha visitado el personal de la Comandancia de la Guardia Civil del puesto de Lora del R\u00edo, responsable de llevar a cabo el <strong>Plan Director<\/strong> <b>para la Convivencia y Mejora de la Seguridad Escolar <\/b>en nuestra comarca. Este programa de actividades est\u00e1 organizado por la Consejer\u00eda de Educaci\u00f3n de la Junta de Andaluc\u00eda y cuenta con la colaboraci\u00f3n del Ministerio de Educaci\u00f3n, Cultura y Deporte, el Ministerio del Interior y el Ministerio de Sanidad, Asuntos Sociales e Igualdad<b>.<\/b><\/p>\n<p style=\"text-align: justify\">Los alumnos y alumnas de <strong>Tercer Ciclo de Primaria<\/strong> han asistido a una interesante charla acerca de algunos problemas de seguridad que les afectan como colectivo: el acoso escolar, el ciberacoso, los riesgos de internet y la violencia de g\u00e9nero.<\/p>\nngg_shortcode_0_placeholder\n","protected":false},"excerpt":{"rendered":"<p>Esta semana nos ha visitado el personal de la Comandancia de la Guardia Civil del puesto de Lora del R\u00edo, responsable de llevar a cabo el Plan Director para la Convivencia y Mejora de la Seguridad Escolar en nuestra comarca. Este programa de actividades est\u00e1 organizado por la Consejer\u00eda de Educaci\u00f3n de la Junta de Andaluc\u00eda y cuenta con la colaboraci\u00f3n del Ministerio de Educaci\u00f3n, Cultura y Deporte, el Ministerio del Interior y el Ministerio de Sanidad, Asuntos Sociales e&#46;&#46;&#46;<\/p>\n","protected":false},"author":11180,"featured_media":5067,"comment_status":"open","ping_status":"open","sticky":false,"template":"","format":"standard","meta":{"ngg_post_thumbnail":0,"footnotes":""},"categories":[2351850,2351725],"tags":[2351851],"aioseo_notices":[],"_links":{"self":[{"href":"https:\/\/blogsaverroes.juntadeandalucia.es\/ceipsjcalasanz\/wp-json\/wp\/v2\/posts\/5066"}],"collection":[{"href":"https:\/\/blogsaverroes.juntadeandalucia.es\/ceipsjcalasanz\/wp-json\/wp\/v2\/posts"}],"about":[{"href":"https:\/\/blogsaverroes.juntadeandalucia.es\/ceipsjcalasanz\/wp-json\/wp\/v2\/types\/post"}],"author":[{"embeddable":true,"href":"https:\/\/blogsaverroes.juntadeandalucia.es\/ceipsjcalasanz\/wp-json\/wp\/v2\/users\/11180"}],"replies":[{"embeddable":true,"href":"https:\/\/blogsaverroes.juntadeandalucia.es\/ceipsjcalasanz\/wp-json\/wp\/v2\/comments?post=5066"}],"version-history":[{"count":2,"href":"https:\/\/blogsaverroes.juntadeandalucia.es\/ceipsjcalasanz\/wp-json\/wp\/v2\/posts\/5066\/revisions"}],"predecessor-version":[{"id":5086,"href":"https:\/\/blogsaverroes.juntadeandalucia.es\/ceipsjcalasanz\/wp-json\/wp\/v2\/posts\/5066\/revisions\/5086"}],"wp:featuredmedia":[{"embeddable":true,"href":"https:\/\/blogsaverroes.juntadeandalucia.es\/ceipsjcalasanz\/wp-json\/wp\/v2\/media\/5067"}],"wp:attachment":[{"href":"https:\/\/blogsaverroes.juntadeandalucia.es\/ceipsjcalasanz\/wp-json\/wp\/v2\/media?parent=5066"}],"wp:term":[{"taxonomy":"category","embeddable":true,"href":"https:\/\/blogsaverroes.juntadeandalucia.es\/ceipsjcalasanz\/wp-json\/wp\/v2\/categories?post=5066"},{"taxonomy":"post_tag","embeddable":true,"href":"https:\/\/blogsaverroes.juntadeandalucia.es\/ceipsjcalasanz\/wp-json\/wp\/v2\/tags?post=5066"}],"curies":[{"name":"wp","href":"https:\/\/api.w.org\/{rel}","templated":true}]}}