{"id":5130,"date":"2023-02-16T12:56:20","date_gmt":"2023-02-16T12:56:20","guid":{"rendered":"https:\/\/blogsaverroes.juntadeandalucia.es\/ceipsjcalasanz\/?p=5130"},"modified":"2023-02-16T12:56:20","modified_gmt":"2023-02-16T12:56:20","slug":"video-dia-de-la-paz","status":"publish","type":"post","link":"https:\/\/blogsaverroes.juntadeandalucia.es\/ceipsjcalasanz\/video-dia-de-la-paz\/","title":{"rendered":"V\u00cdDEO D\u00cdA DE LA PAZ"},"content":{"rendered":"<p style=\"text-align: justify\">Una de las actividades que han protagonizado la conmemoraci\u00f3n en nuestro cole del <strong>D\u00eda de la Paz<\/strong> en este 2023, ha sido la grabaci\u00f3n y posterior montaje de un <strong>v\u00eddeo<\/strong>.<\/p>\n<p style=\"text-align: justify\">En \u00e9l ha participado todo el claustro de profesores y profesoras, as\u00ed como todo el alumnado, tanto de Infantil como de Primaria, a partir de la propuesta que nos lanz\u00f3 la se\u00f1o Patricia, tutora de 6\u00ba A y, este a\u00f1o, coordinadora del Plan Escuela de Paz.<\/p>\n<p style=\"text-align: justify\">Esperamos que os guste.<\/p>\n<p><a href=\"https:\/\/www.youtube.com\/watch?v=PXtEx0A4f0c\">ENLACE A V\u00cdDEO<\/a><\/p>\n","protected":false},"excerpt":{"rendered":"<p>Una de las actividades que han protagonizado la conmemoraci\u00f3n en nuestro cole del D\u00eda de la Paz en este 2023, ha sido la grabaci\u00f3n y posterior montaje de un v\u00eddeo. En \u00e9l ha participado todo el claustro de profesores y profesoras, as\u00ed como todo el alumnado, tanto de Infantil como de Primaria, a partir de la propuesta que nos lanz\u00f3 la se\u00f1o Patricia, tutora de 6\u00ba A y, este a\u00f1o, coordinadora del Plan Escuela de Paz. Esperamos que os guste.&#46;&#46;&#46;<\/p>\n","protected":false},"author":11180,"featured_media":5024,"comment_status":"open","ping_status":"open","sticky":false,"template":"","format":"standard","meta":{"ngg_post_thumbnail":0,"footnotes":""},"categories":[2351692],"tags":[2351853],"aioseo_notices":[],"_links":{"self":[{"href":"https:\/\/blogsaverroes.juntadeandalucia.es\/ceipsjcalasanz\/wp-json\/wp\/v2\/posts\/5130"}],"collection":[{"href":"https:\/\/blogsaverroes.juntadeandalucia.es\/ceipsjcalasanz\/wp-json\/wp\/v2\/posts"}],"about":[{"href":"https:\/\/blogsaverroes.juntadeandalucia.es\/ceipsjcalasanz\/wp-json\/wp\/v2\/types\/post"}],"author":[{"embeddable":true,"href":"https:\/\/blogsaverroes.juntadeandalucia.es\/ceipsjcalasanz\/wp-json\/wp\/v2\/users\/11180"}],"replies":[{"embeddable":true,"href":"https:\/\/blogsaverroes.juntadeandalucia.es\/ceipsjcalasanz\/wp-json\/wp\/v2\/comments?post=5130"}],"version-history":[{"count":1,"href":"https:\/\/blogsaverroes.juntadeandalucia.es\/ceipsjcalasanz\/wp-json\/wp\/v2\/posts\/5130\/revisions"}],"predecessor-version":[{"id":5131,"href":"https:\/\/blogsaverroes.juntadeandalucia.es\/ceipsjcalasanz\/wp-json\/wp\/v2\/posts\/5130\/revisions\/5131"}],"wp:featuredmedia":[{"embeddable":true,"href":"https:\/\/blogsaverroes.juntadeandalucia.es\/ceipsjcalasanz\/wp-json\/wp\/v2\/media\/5024"}],"wp:attachment":[{"href":"https:\/\/blogsaverroes.juntadeandalucia.es\/ceipsjcalasanz\/wp-json\/wp\/v2\/media?parent=5130"}],"wp:term":[{"taxonomy":"category","embeddable":true,"href":"https:\/\/blogsaverroes.juntadeandalucia.es\/ceipsjcalasanz\/wp-json\/wp\/v2\/categories?post=5130"},{"taxonomy":"post_tag","embeddable":true,"href":"https:\/\/blogsaverroes.juntadeandalucia.es\/ceipsjcalasanz\/wp-json\/wp\/v2\/tags?post=5130"}],"curies":[{"name":"wp","href":"https:\/\/api.w.org\/{rel}","templated":true}]}}