{"id":5200,"date":"2023-03-10T21:56:51","date_gmt":"2023-03-10T21:56:51","guid":{"rendered":"https:\/\/blogsaverroes.juntadeandalucia.es\/ceipsjcalasanz\/?p=5200"},"modified":"2023-03-11T22:30:23","modified_gmt":"2023-03-11T22:30:23","slug":"igualdad-igualdad","status":"publish","type":"post","link":"https:\/\/blogsaverroes.juntadeandalucia.es\/ceipsjcalasanz\/igualdad-igualdad\/","title":{"rendered":"\u00a1\u00a1IGUALDAD, IGUALDAD!!"},"content":{"rendered":"<p style=\"text-align: justify\">Al grito de \u00a1\u00a1Igualdad, igualdad!!, los ni\u00f1os y ni\u00f1as de <strong>Primaria<\/strong> de nuestro centro organizaron en la ma\u00f1ana del pasado 10 de marzo una <strong>marcha reivindicativa por el 8M, D\u00eda Internacional de la Mujer.<\/strong><\/p>\n<p style=\"text-align: justify\">Acompa\u00f1ados por sus maestros y maestras y escoltados, como siempre, por miembros de la Polic\u00eda Local, nuestros alumnos\/as realizaron a pie el trayecto desde el cole hasta la plaza del Ayuntamiento, donde fueron recibidos por las autoridades locales. Familiares y amigos tambi\u00e9n se acercaron en este d\u00eda tan especial.<\/p>\n<p style=\"text-align: justify\">La comitiva, encabezada por los alumnos de 1\u00ba de Primaria que portaban una art\u00edstica y muy original pancarta, escuch\u00f3 con atenci\u00f3n las palabras del Director del colegio, el alcalde de la localidad y una representaci\u00f3n de los chicos y chicas de 6\u00ba, los cuales nos animaron a luchar por un mundo m\u00e1s igualitario, sin diferencias entre hombres y mujeres.<\/p>\n<p style=\"text-align: justify\">La <strong>maestra Laura L\u00f3pez, coordinadora del Plan de Igualdad<\/strong> de nuestro colegio, agradeci\u00f3 la colaboraci\u00f3n de las familias y record\u00f3 a todas las presentes que \u00abdeben desplegar sus alas y volar alto\u00bb.<\/p>\n<p>Os dejamos unas im\u00e1genes para que las disfrut\u00e9is en casa.<\/p>\n<p>ngg_shortcode_0_placeholder<div style=\"width: 714px;\" class=\"wp-video\"><!--[if lt IE 9]><script>document.createElement('video');<\/script><![endif]-->\n<video class=\"wp-video-shortcode\" id=\"video-5200-1\" width=\"714\" height=\"1280\" preload=\"metadata\" controls=\"controls\"><source type=\"video\/mp4\" src=\"https:\/\/blogsaverroes.juntadeandalucia.es\/ceipsjcalasanz\/files\/2023\/03\/ayuntamiento.mp4?_=1\" \/><a href=\"https:\/\/blogsaverroes.juntadeandalucia.es\/ceipsjcalasanz\/files\/2023\/03\/ayuntamiento.mp4\">https:\/\/blogsaverroes.juntadeandalucia.es\/ceipsjcalasanz\/files\/2023\/03\/ayuntamiento.mp4<\/a><\/video><\/div><\/p>\n","protected":false},"excerpt":{"rendered":"<p>Al grito de \u00a1\u00a1Igualdad, igualdad!!, los ni\u00f1os y ni\u00f1as de Primaria de nuestro centro organizaron en la ma\u00f1ana del pasado 10 de marzo una marcha reivindicativa por el 8M, D\u00eda Internacional de la Mujer. Acompa\u00f1ados por sus maestros y maestras y escoltados, como siempre, por miembros de la Polic\u00eda Local, nuestros alumnos\/as realizaron a pie el trayecto desde el cole hasta la plaza del Ayuntamiento, donde fueron recibidos por las autoridades locales. Familiares y amigos tambi\u00e9n se acercaron en este&#46;&#46;&#46;<\/p>\n","protected":false},"author":11180,"featured_media":5201,"comment_status":"open","ping_status":"open","sticky":false,"template":"","format":"standard","meta":{"ngg_post_thumbnail":0,"footnotes":""},"categories":[2351676],"tags":[2351910],"aioseo_notices":[],"_links":{"self":[{"href":"https:\/\/blogsaverroes.juntadeandalucia.es\/ceipsjcalasanz\/wp-json\/wp\/v2\/posts\/5200"}],"collection":[{"href":"https:\/\/blogsaverroes.juntadeandalucia.es\/ceipsjcalasanz\/wp-json\/wp\/v2\/posts"}],"about":[{"href":"https:\/\/blogsaverroes.juntadeandalucia.es\/ceipsjcalasanz\/wp-json\/wp\/v2\/types\/post"}],"author":[{"embeddable":true,"href":"https:\/\/blogsaverroes.juntadeandalucia.es\/ceipsjcalasanz\/wp-json\/wp\/v2\/users\/11180"}],"replies":[{"embeddable":true,"href":"https:\/\/blogsaverroes.juntadeandalucia.es\/ceipsjcalasanz\/wp-json\/wp\/v2\/comments?post=5200"}],"version-history":[{"count":2,"href":"https:\/\/blogsaverroes.juntadeandalucia.es\/ceipsjcalasanz\/wp-json\/wp\/v2\/posts\/5200\/revisions"}],"predecessor-version":[{"id":5216,"href":"https:\/\/blogsaverroes.juntadeandalucia.es\/ceipsjcalasanz\/wp-json\/wp\/v2\/posts\/5200\/revisions\/5216"}],"wp:featuredmedia":[{"embeddable":true,"href":"https:\/\/blogsaverroes.juntadeandalucia.es\/ceipsjcalasanz\/wp-json\/wp\/v2\/media\/5201"}],"wp:attachment":[{"href":"https:\/\/blogsaverroes.juntadeandalucia.es\/ceipsjcalasanz\/wp-json\/wp\/v2\/media?parent=5200"}],"wp:term":[{"taxonomy":"category","embeddable":true,"href":"https:\/\/blogsaverroes.juntadeandalucia.es\/ceipsjcalasanz\/wp-json\/wp\/v2\/categories?post=5200"},{"taxonomy":"post_tag","embeddable":true,"href":"https:\/\/blogsaverroes.juntadeandalucia.es\/ceipsjcalasanz\/wp-json\/wp\/v2\/tags?post=5200"}],"curies":[{"name":"wp","href":"https:\/\/api.w.org\/{rel}","templated":true}]}}