{"id":5438,"date":"2023-05-12T11:22:47","date_gmt":"2023-05-12T11:22:47","guid":{"rendered":"https:\/\/blogsaverroes.juntadeandalucia.es\/ceipsjcalasanz\/?p=5438"},"modified":"2023-05-12T11:22:47","modified_gmt":"2023-05-12T11:22:47","slug":"una-idea-muy-original","status":"publish","type":"post","link":"https:\/\/blogsaverroes.juntadeandalucia.es\/ceipsjcalasanz\/una-idea-muy-original\/","title":{"rendered":"UNA IDEA MUY ORIGINAL"},"content":{"rendered":"<p style=\"text-align: justify\">Los chicos y chicas de <strong>6\u00ba de Primaria<\/strong> han vuelto a demostrar que tienen ideas muy originales y divertidas para darle uso a todos los envases y materiales que se les cruzan por su camino.<\/p>\n<p style=\"text-align: justify\">En esta ocasi\u00f3n, los mayores del cole no han tenido otra que idear un contenedor fabricado con el enorme n\u00famero de botellas de leche que hemos consumido durante este curso en el centro. El resultado lo pod\u00e9is ver ya en nuestro patio.<\/p>\nngg_shortcode_0_placeholder\n","protected":false},"excerpt":{"rendered":"<p>Los chicos y chicas de 6\u00ba de Primaria han vuelto a demostrar que tienen ideas muy originales y divertidas para darle uso a todos los envases y materiales que se les cruzan por su camino. En esta ocasi\u00f3n, los mayores del cole no han tenido otra que idear un contenedor fabricado con el enorme n\u00famero de botellas de leche que hemos consumido durante este curso en el centro. El resultado lo pod\u00e9is ver ya en nuestro patio.<\/p>\n","protected":false},"author":11180,"featured_media":5446,"comment_status":"open","ping_status":"open","sticky":false,"template":"","format":"standard","meta":{"ngg_post_thumbnail":0,"footnotes":""},"categories":[2351725],"tags":[2351863],"aioseo_notices":[],"_links":{"self":[{"href":"https:\/\/blogsaverroes.juntadeandalucia.es\/ceipsjcalasanz\/wp-json\/wp\/v2\/posts\/5438"}],"collection":[{"href":"https:\/\/blogsaverroes.juntadeandalucia.es\/ceipsjcalasanz\/wp-json\/wp\/v2\/posts"}],"about":[{"href":"https:\/\/blogsaverroes.juntadeandalucia.es\/ceipsjcalasanz\/wp-json\/wp\/v2\/types\/post"}],"author":[{"embeddable":true,"href":"https:\/\/blogsaverroes.juntadeandalucia.es\/ceipsjcalasanz\/wp-json\/wp\/v2\/users\/11180"}],"replies":[{"embeddable":true,"href":"https:\/\/blogsaverroes.juntadeandalucia.es\/ceipsjcalasanz\/wp-json\/wp\/v2\/comments?post=5438"}],"version-history":[{"count":2,"href":"https:\/\/blogsaverroes.juntadeandalucia.es\/ceipsjcalasanz\/wp-json\/wp\/v2\/posts\/5438\/revisions"}],"predecessor-version":[{"id":5447,"href":"https:\/\/blogsaverroes.juntadeandalucia.es\/ceipsjcalasanz\/wp-json\/wp\/v2\/posts\/5438\/revisions\/5447"}],"wp:featuredmedia":[{"embeddable":true,"href":"https:\/\/blogsaverroes.juntadeandalucia.es\/ceipsjcalasanz\/wp-json\/wp\/v2\/media\/5446"}],"wp:attachment":[{"href":"https:\/\/blogsaverroes.juntadeandalucia.es\/ceipsjcalasanz\/wp-json\/wp\/v2\/media?parent=5438"}],"wp:term":[{"taxonomy":"category","embeddable":true,"href":"https:\/\/blogsaverroes.juntadeandalucia.es\/ceipsjcalasanz\/wp-json\/wp\/v2\/categories?post=5438"},{"taxonomy":"post_tag","embeddable":true,"href":"https:\/\/blogsaverroes.juntadeandalucia.es\/ceipsjcalasanz\/wp-json\/wp\/v2\/tags?post=5438"}],"curies":[{"name":"wp","href":"https:\/\/api.w.org\/{rel}","templated":true}]}}