{"id":5497,"date":"2023-06-02T09:08:21","date_gmt":"2023-06-02T09:08:21","guid":{"rendered":"https:\/\/blogsaverroes.juntadeandalucia.es\/ceipsjcalasanz\/?p=5497"},"modified":"2023-06-02T09:08:21","modified_gmt":"2023-06-02T09:08:21","slug":"huertos-sociales-3","status":"publish","type":"post","link":"https:\/\/blogsaverroes.juntadeandalucia.es\/ceipsjcalasanz\/huertos-sociales-3\/","title":{"rendered":"HUERTOS SOCIALES"},"content":{"rendered":"<p style=\"text-align: justify\">Con las visitas de esta semana, se ha dado por finalizado el <strong>Programa de Huertos Sociales<\/strong> de este a\u00f1o, actividad en la que han participado todos y cada uno de los alumnos y alumnas de nuestro centro.<\/p>\n<p style=\"text-align: justify\">Como cada curso, <strong>Rogelio Fern\u00e1ndez<\/strong> que es el coordinador de este espacio, ha atendido a nuestros chicos y chicas, mostr\u00e1ndoles el interesant\u00edsimo banco de semillas, ense\u00f1\u00e1ndoles los cultivos de invierno y de verano o haci\u00e9ndoles part\u00edcipes de esta iniciativa que el Ayuntamiento lleva con los hortelanos de la localidad.<\/p>\n<p style=\"text-align: justify\">Os dejamos algunas im\u00e1genes.<\/p>\nngg_shortcode_0_placeholder\n","protected":false},"excerpt":{"rendered":"<p>Con las visitas de esta semana, se ha dado por finalizado el Programa de Huertos Sociales de este a\u00f1o, actividad en la que han participado todos y cada uno de los alumnos y alumnas de nuestro centro. Como cada curso, Rogelio Fern\u00e1ndez que es el coordinador de este espacio, ha atendido a nuestros chicos y chicas, mostr\u00e1ndoles el interesant\u00edsimo banco de semillas, ense\u00f1\u00e1ndoles los cultivos de invierno y de verano o haci\u00e9ndoles part\u00edcipes de esta iniciativa que el Ayuntamiento lleva&#46;&#46;&#46;<\/p>\n","protected":false},"author":11180,"featured_media":5498,"comment_status":"open","ping_status":"open","sticky":false,"template":"","format":"standard","meta":{"ngg_post_thumbnail":0,"footnotes":""},"categories":[2351764],"tags":[2351869],"aioseo_notices":[],"_links":{"self":[{"href":"https:\/\/blogsaverroes.juntadeandalucia.es\/ceipsjcalasanz\/wp-json\/wp\/v2\/posts\/5497"}],"collection":[{"href":"https:\/\/blogsaverroes.juntadeandalucia.es\/ceipsjcalasanz\/wp-json\/wp\/v2\/posts"}],"about":[{"href":"https:\/\/blogsaverroes.juntadeandalucia.es\/ceipsjcalasanz\/wp-json\/wp\/v2\/types\/post"}],"author":[{"embeddable":true,"href":"https:\/\/blogsaverroes.juntadeandalucia.es\/ceipsjcalasanz\/wp-json\/wp\/v2\/users\/11180"}],"replies":[{"embeddable":true,"href":"https:\/\/blogsaverroes.juntadeandalucia.es\/ceipsjcalasanz\/wp-json\/wp\/v2\/comments?post=5497"}],"version-history":[{"count":1,"href":"https:\/\/blogsaverroes.juntadeandalucia.es\/ceipsjcalasanz\/wp-json\/wp\/v2\/posts\/5497\/revisions"}],"predecessor-version":[{"id":5504,"href":"https:\/\/blogsaverroes.juntadeandalucia.es\/ceipsjcalasanz\/wp-json\/wp\/v2\/posts\/5497\/revisions\/5504"}],"wp:featuredmedia":[{"embeddable":true,"href":"https:\/\/blogsaverroes.juntadeandalucia.es\/ceipsjcalasanz\/wp-json\/wp\/v2\/media\/5498"}],"wp:attachment":[{"href":"https:\/\/blogsaverroes.juntadeandalucia.es\/ceipsjcalasanz\/wp-json\/wp\/v2\/media?parent=5497"}],"wp:term":[{"taxonomy":"category","embeddable":true,"href":"https:\/\/blogsaverroes.juntadeandalucia.es\/ceipsjcalasanz\/wp-json\/wp\/v2\/categories?post=5497"},{"taxonomy":"post_tag","embeddable":true,"href":"https:\/\/blogsaverroes.juntadeandalucia.es\/ceipsjcalasanz\/wp-json\/wp\/v2\/tags?post=5497"}],"curies":[{"name":"wp","href":"https:\/\/api.w.org\/{rel}","templated":true}]}}