{"id":5845,"date":"2024-02-02T19:19:43","date_gmt":"2024-02-02T19:19:43","guid":{"rendered":"https:\/\/blogsaverroes.juntadeandalucia.es\/ceipsjcalasanz\/?p=5845"},"modified":"2024-02-02T19:43:03","modified_gmt":"2024-02-02T19:43:03","slug":"es-tiempo-de-paz","status":"publish","type":"post","link":"https:\/\/blogsaverroes.juntadeandalucia.es\/ceipsjcalasanz\/es-tiempo-de-paz\/","title":{"rendered":"ES TIEMPO DE PAZ"},"content":{"rendered":"<p style=\"text-align: justify\">La se\u00f1o <strong>F\u00e1tima M\u00aa Jim\u00e9nez<\/strong>, coordinadora del <strong>Proyecto Escuela Espacio de Paz<\/strong>, prepar\u00f3 para estos d\u00edas un amplio programa de actividades para trabajar desde nuestras aulas la importancia de la convivencia pac\u00edfica.<\/p>\n<p style=\"text-align: justify\">Nuestro alumnado ha debatido en clase sobre este tema, ha aprendido y bailado canciones, ha escuchado cuentos y videos y, como muestra de todo ello, ha confeccionado un hermoso mural en la Galer\u00eda de Infantil que lleva por t\u00edtulo: <strong>ES TIEMPO DE PAZ<\/strong>.<\/p>\n<p>Os dejamos unas im\u00e1genes.<\/p>\nngg_shortcode_0_placeholder\n","protected":false},"excerpt":{"rendered":"<p>La se\u00f1o F\u00e1tima M\u00aa Jim\u00e9nez, coordinadora del Proyecto Escuela Espacio de Paz, prepar\u00f3 para estos d\u00edas un amplio programa de actividades para trabajar desde nuestras aulas la importancia de la convivencia pac\u00edfica. Nuestro alumnado ha debatido en clase sobre este tema, ha aprendido y bailado canciones, ha escuchado cuentos y videos y, como muestra de todo ello, ha confeccionado un hermoso mural en la Galer\u00eda de Infantil que lleva por t\u00edtulo: ES TIEMPO DE PAZ. Os dejamos unas im\u00e1genes.<\/p>\n","protected":false},"author":11180,"featured_media":5846,"comment_status":"open","ping_status":"open","sticky":false,"template":"","format":"standard","meta":{"ngg_post_thumbnail":0,"footnotes":""},"categories":[2351692],"tags":[2351930],"aioseo_notices":[],"_links":{"self":[{"href":"https:\/\/blogsaverroes.juntadeandalucia.es\/ceipsjcalasanz\/wp-json\/wp\/v2\/posts\/5845"}],"collection":[{"href":"https:\/\/blogsaverroes.juntadeandalucia.es\/ceipsjcalasanz\/wp-json\/wp\/v2\/posts"}],"about":[{"href":"https:\/\/blogsaverroes.juntadeandalucia.es\/ceipsjcalasanz\/wp-json\/wp\/v2\/types\/post"}],"author":[{"embeddable":true,"href":"https:\/\/blogsaverroes.juntadeandalucia.es\/ceipsjcalasanz\/wp-json\/wp\/v2\/users\/11180"}],"replies":[{"embeddable":true,"href":"https:\/\/blogsaverroes.juntadeandalucia.es\/ceipsjcalasanz\/wp-json\/wp\/v2\/comments?post=5845"}],"version-history":[{"count":2,"href":"https:\/\/blogsaverroes.juntadeandalucia.es\/ceipsjcalasanz\/wp-json\/wp\/v2\/posts\/5845\/revisions"}],"predecessor-version":[{"id":5853,"href":"https:\/\/blogsaverroes.juntadeandalucia.es\/ceipsjcalasanz\/wp-json\/wp\/v2\/posts\/5845\/revisions\/5853"}],"wp:featuredmedia":[{"embeddable":true,"href":"https:\/\/blogsaverroes.juntadeandalucia.es\/ceipsjcalasanz\/wp-json\/wp\/v2\/media\/5846"}],"wp:attachment":[{"href":"https:\/\/blogsaverroes.juntadeandalucia.es\/ceipsjcalasanz\/wp-json\/wp\/v2\/media?parent=5845"}],"wp:term":[{"taxonomy":"category","embeddable":true,"href":"https:\/\/blogsaverroes.juntadeandalucia.es\/ceipsjcalasanz\/wp-json\/wp\/v2\/categories?post=5845"},{"taxonomy":"post_tag","embeddable":true,"href":"https:\/\/blogsaverroes.juntadeandalucia.es\/ceipsjcalasanz\/wp-json\/wp\/v2\/tags?post=5845"}],"curies":[{"name":"wp","href":"https:\/\/api.w.org\/{rel}","templated":true}]}}