{"id":5857,"date":"2024-02-02T19:56:32","date_gmt":"2024-02-02T19:56:32","guid":{"rendered":"https:\/\/blogsaverroes.juntadeandalucia.es\/ceipsjcalasanz\/?p=5857"},"modified":"2024-02-02T20:01:12","modified_gmt":"2024-02-02T20:01:12","slug":"las-candelas-en-el-cole","status":"publish","type":"post","link":"https:\/\/blogsaverroes.juntadeandalucia.es\/ceipsjcalasanz\/las-candelas-en-el-cole\/","title":{"rendered":"LAS CANDELAS EN EL COLE"},"content":{"rendered":"<p style=\"text-align: justify\">Hoy hemos disfrutado de un d\u00eda maravilloso en el CEIP San Jos\u00e9 de Calasanz: el <strong>D\u00eda de la Paz y de las Candelas 2024<\/strong>.<\/p>\n<p style=\"text-align: justify\">Los chicos y chicas de nuestro centro han acarreado ram\u00f3n a la candela instalada en mitad de nuestras pistas, han desayunado sopaipas y chocolate calentito, han bailado y cantado canciones de la Paz y sandingas de nuestro pueblo y, por \u00faltimo, han visto prender el mu\u00f1eco de nuestra hoguera, el cual este a\u00f1o, ha tenido como tem\u00e1tica el temido cambio clim\u00e1tico.<\/p>\n<p>Nuestro patio ten\u00eda hoy un aspecto inmejorable, con abuelos y abuelas, padres y amigos que ven\u00edan a disfrutar por unos minutos de una de las tradiciones m\u00e1s arraigadas en nuestra localidad.<\/p>\n<p style=\"text-align: justify\">Queremos agradecer desde estas l\u00edneas a todas las madres y a todos los padres que esta ma\u00f1ana han tenido todo preparado hasta el m\u00e1s m\u00ednimo detalle: han sido muchas horas de dedicaci\u00f3n, esfuerzo y cari\u00f1o para que los m\u00e1s peque\u00f1os disfrutaran de uno de los d\u00edas m\u00e1s esperados en el calendario.<\/p>\n<p style=\"text-align: justify\">\u00a1Enhorabuena, familias!<\/p>\nngg_shortcode_0_placeholder\n","protected":false},"excerpt":{"rendered":"<p>Hoy hemos disfrutado de un d\u00eda maravilloso en el CEIP San Jos\u00e9 de Calasanz: el D\u00eda de la Paz y de las Candelas 2024. Los chicos y chicas de nuestro centro han acarreado ram\u00f3n a la candela instalada en mitad de nuestras pistas, han desayunado sopaipas y chocolate calentito, han bailado y cantado canciones de la Paz y sandingas de nuestro pueblo y, por \u00faltimo, han visto prender el mu\u00f1eco de nuestra hoguera, el cual este a\u00f1o, ha tenido como&#46;&#46;&#46;<\/p>\n","protected":false},"author":11180,"featured_media":5858,"comment_status":"open","ping_status":"open","sticky":false,"template":"","format":"standard","meta":{"ngg_post_thumbnail":0,"footnotes":""},"categories":[2351693],"tags":[2351902],"aioseo_notices":[],"_links":{"self":[{"href":"https:\/\/blogsaverroes.juntadeandalucia.es\/ceipsjcalasanz\/wp-json\/wp\/v2\/posts\/5857"}],"collection":[{"href":"https:\/\/blogsaverroes.juntadeandalucia.es\/ceipsjcalasanz\/wp-json\/wp\/v2\/posts"}],"about":[{"href":"https:\/\/blogsaverroes.juntadeandalucia.es\/ceipsjcalasanz\/wp-json\/wp\/v2\/types\/post"}],"author":[{"embeddable":true,"href":"https:\/\/blogsaverroes.juntadeandalucia.es\/ceipsjcalasanz\/wp-json\/wp\/v2\/users\/11180"}],"replies":[{"embeddable":true,"href":"https:\/\/blogsaverroes.juntadeandalucia.es\/ceipsjcalasanz\/wp-json\/wp\/v2\/comments?post=5857"}],"version-history":[{"count":3,"href":"https:\/\/blogsaverroes.juntadeandalucia.es\/ceipsjcalasanz\/wp-json\/wp\/v2\/posts\/5857\/revisions"}],"predecessor-version":[{"id":5867,"href":"https:\/\/blogsaverroes.juntadeandalucia.es\/ceipsjcalasanz\/wp-json\/wp\/v2\/posts\/5857\/revisions\/5867"}],"wp:featuredmedia":[{"embeddable":true,"href":"https:\/\/blogsaverroes.juntadeandalucia.es\/ceipsjcalasanz\/wp-json\/wp\/v2\/media\/5858"}],"wp:attachment":[{"href":"https:\/\/blogsaverroes.juntadeandalucia.es\/ceipsjcalasanz\/wp-json\/wp\/v2\/media?parent=5857"}],"wp:term":[{"taxonomy":"category","embeddable":true,"href":"https:\/\/blogsaverroes.juntadeandalucia.es\/ceipsjcalasanz\/wp-json\/wp\/v2\/categories?post=5857"},{"taxonomy":"post_tag","embeddable":true,"href":"https:\/\/blogsaverroes.juntadeandalucia.es\/ceipsjcalasanz\/wp-json\/wp\/v2\/tags?post=5857"}],"curies":[{"name":"wp","href":"https:\/\/api.w.org\/{rel}","templated":true}]}}