{"id":5974,"date":"2024-02-23T20:49:10","date_gmt":"2024-02-23T20:49:10","guid":{"rendered":"https:\/\/blogsaverroes.juntadeandalucia.es\/ceipsjcalasanz\/?p=5974"},"modified":"2024-02-23T20:49:10","modified_gmt":"2024-02-23T20:49:10","slug":"olimpiadas-andaluzas","status":"publish","type":"post","link":"https:\/\/blogsaverroes.juntadeandalucia.es\/ceipsjcalasanz\/olimpiadas-andaluzas\/","title":{"rendered":"OLIMPIADAS ANDALUZAS"},"content":{"rendered":"<p style=\"text-align: justify\">Los chicos y chicas de Infantil han celebrado en la ma\u00f1ana de hoy unas <strong>Olimpiadas<\/strong> muy especiales, pues ten\u00edan un trasfondo andaluz, coincidiendo con la celebraci\u00f3n del <strong>D\u00eda de nuestra Comunidad<\/strong>.<\/p>\n<p style=\"text-align: justify\">En el patio del colegio los peques disfrutaron con los juegos y deportes que les hab\u00edan preparado sus maestras: \u00abSoy capit\u00e1n\u00bb, \u00abEl pa\u00f1uelito andaluz\u00bb, \u00abZapatito por detr\u00e1s tris tras\u00bb, \u00abLos aros\u00bb y \u00abEl sombrero cordob\u00e9s\u00bb.<\/p>\n<p>Os dejamos unas im\u00e1genes.<\/p>\nngg_shortcode_0_placeholder\n","protected":false},"excerpt":{"rendered":"<p>Los chicos y chicas de Infantil han celebrado en la ma\u00f1ana de hoy unas Olimpiadas muy especiales, pues ten\u00edan un trasfondo andaluz, coincidiendo con la celebraci\u00f3n del D\u00eda de nuestra Comunidad. En el patio del colegio los peques disfrutaron con los juegos y deportes que les hab\u00edan preparado sus maestras: \u00abSoy capit\u00e1n\u00bb, \u00abEl pa\u00f1uelito andaluz\u00bb, \u00abZapatito por detr\u00e1s tris tras\u00bb, \u00abLos aros\u00bb y \u00abEl sombrero cordob\u00e9s\u00bb. Os dejamos unas im\u00e1genes.<\/p>\n","protected":false},"author":11180,"featured_media":5981,"comment_status":"open","ping_status":"open","sticky":false,"template":"","format":"standard","meta":{"ngg_post_thumbnail":0,"footnotes":""},"categories":[2351709],"tags":[2351920],"aioseo_notices":[],"_links":{"self":[{"href":"https:\/\/blogsaverroes.juntadeandalucia.es\/ceipsjcalasanz\/wp-json\/wp\/v2\/posts\/5974"}],"collection":[{"href":"https:\/\/blogsaverroes.juntadeandalucia.es\/ceipsjcalasanz\/wp-json\/wp\/v2\/posts"}],"about":[{"href":"https:\/\/blogsaverroes.juntadeandalucia.es\/ceipsjcalasanz\/wp-json\/wp\/v2\/types\/post"}],"author":[{"embeddable":true,"href":"https:\/\/blogsaverroes.juntadeandalucia.es\/ceipsjcalasanz\/wp-json\/wp\/v2\/users\/11180"}],"replies":[{"embeddable":true,"href":"https:\/\/blogsaverroes.juntadeandalucia.es\/ceipsjcalasanz\/wp-json\/wp\/v2\/comments?post=5974"}],"version-history":[{"count":1,"href":"https:\/\/blogsaverroes.juntadeandalucia.es\/ceipsjcalasanz\/wp-json\/wp\/v2\/posts\/5974\/revisions"}],"predecessor-version":[{"id":5982,"href":"https:\/\/blogsaverroes.juntadeandalucia.es\/ceipsjcalasanz\/wp-json\/wp\/v2\/posts\/5974\/revisions\/5982"}],"wp:featuredmedia":[{"embeddable":true,"href":"https:\/\/blogsaverroes.juntadeandalucia.es\/ceipsjcalasanz\/wp-json\/wp\/v2\/media\/5981"}],"wp:attachment":[{"href":"https:\/\/blogsaverroes.juntadeandalucia.es\/ceipsjcalasanz\/wp-json\/wp\/v2\/media?parent=5974"}],"wp:term":[{"taxonomy":"category","embeddable":true,"href":"https:\/\/blogsaverroes.juntadeandalucia.es\/ceipsjcalasanz\/wp-json\/wp\/v2\/categories?post=5974"},{"taxonomy":"post_tag","embeddable":true,"href":"https:\/\/blogsaverroes.juntadeandalucia.es\/ceipsjcalasanz\/wp-json\/wp\/v2\/tags?post=5974"}],"curies":[{"name":"wp","href":"https:\/\/api.w.org\/{rel}","templated":true}]}}