{"id":6020,"date":"2024-03-05T12:23:44","date_gmt":"2024-03-05T12:23:44","guid":{"rendered":"https:\/\/blogsaverroes.juntadeandalucia.es\/ceipsjcalasanz\/?p=6020"},"modified":"2024-03-05T12:25:25","modified_gmt":"2024-03-05T12:25:25","slug":"desayuno-solidario","status":"publish","type":"post","link":"https:\/\/blogsaverroes.juntadeandalucia.es\/ceipsjcalasanz\/desayuno-solidario\/","title":{"rendered":"DESAYUNO SOLIDARIO"},"content":{"rendered":"<p style=\"text-align: justify\">El <strong>D\u00eda de las Enfermedades Raras<\/strong> es una jornada conmemorativa que se celebra anualmente el \u00faltimo d\u00eda de febrero desde 2008, establecida por la Organizaci\u00f3n Europea para las Enfermedades Raras en ese mismo a\u00f1o. El pasado jueves 29 de febrero y coincidiendo con dicha celebraci\u00f3n, el IES Celti en colaboraci\u00f3n con la AMPA de dicho centro, hab\u00eda organizado un <strong>DESAYUNO SOLIDARIO&nbsp;<\/strong>para ayudar a sufragar las terapias y colaborar con la investigaci\u00f3n que se lleva a cabo con ni\u00f1os y ni\u00f1as como nuestro Sa\u00fal.<\/p>\n<p style=\"text-align: justify\">La ma\u00f1ana estuvo muy concurrida y el nivel de participaci\u00f3n fue m\u00e1s que aceptable. Desde nuestro centro nos sumamos a iniciativas de este tipo, que persiguen la aportaci\u00f3n de peque\u00f1os granos de arena que formen grandes monta\u00f1as.<\/p>\n<p>Os dejamos unas im\u00e1genes.<\/p>\nngg_shortcode_0_placeholder\n","protected":false},"excerpt":{"rendered":"<p>El D\u00eda de las Enfermedades Raras es una jornada conmemorativa que se celebra anualmente el \u00faltimo d\u00eda de febrero desde 2008, establecida por la Organizaci\u00f3n Europea para las Enfermedades Raras en ese mismo a\u00f1o. El pasado jueves 29 de febrero y coincidiendo con dicha celebraci\u00f3n, el IES Celti en colaboraci\u00f3n con la AMPA de dicho centro, hab\u00eda organizado un DESAYUNO SOLIDARIO&nbsp;para ayudar a sufragar las terapias y colaborar con la investigaci\u00f3n que se lleva a cabo con ni\u00f1os y ni\u00f1as&#46;&#46;&#46;<\/p>\n","protected":false},"author":11180,"featured_media":6021,"comment_status":"open","ping_status":"open","sticky":false,"template":"","format":"standard","meta":{"ngg_post_thumbnail":0,"footnotes":""},"categories":[2351932],"tags":[2351930],"aioseo_notices":[],"_links":{"self":[{"href":"https:\/\/blogsaverroes.juntadeandalucia.es\/ceipsjcalasanz\/wp-json\/wp\/v2\/posts\/6020"}],"collection":[{"href":"https:\/\/blogsaverroes.juntadeandalucia.es\/ceipsjcalasanz\/wp-json\/wp\/v2\/posts"}],"about":[{"href":"https:\/\/blogsaverroes.juntadeandalucia.es\/ceipsjcalasanz\/wp-json\/wp\/v2\/types\/post"}],"author":[{"embeddable":true,"href":"https:\/\/blogsaverroes.juntadeandalucia.es\/ceipsjcalasanz\/wp-json\/wp\/v2\/users\/11180"}],"replies":[{"embeddable":true,"href":"https:\/\/blogsaverroes.juntadeandalucia.es\/ceipsjcalasanz\/wp-json\/wp\/v2\/comments?post=6020"}],"version-history":[{"count":3,"href":"https:\/\/blogsaverroes.juntadeandalucia.es\/ceipsjcalasanz\/wp-json\/wp\/v2\/posts\/6020\/revisions"}],"predecessor-version":[{"id":6031,"href":"https:\/\/blogsaverroes.juntadeandalucia.es\/ceipsjcalasanz\/wp-json\/wp\/v2\/posts\/6020\/revisions\/6031"}],"wp:featuredmedia":[{"embeddable":true,"href":"https:\/\/blogsaverroes.juntadeandalucia.es\/ceipsjcalasanz\/wp-json\/wp\/v2\/media\/6021"}],"wp:attachment":[{"href":"https:\/\/blogsaverroes.juntadeandalucia.es\/ceipsjcalasanz\/wp-json\/wp\/v2\/media?parent=6020"}],"wp:term":[{"taxonomy":"category","embeddable":true,"href":"https:\/\/blogsaverroes.juntadeandalucia.es\/ceipsjcalasanz\/wp-json\/wp\/v2\/categories?post=6020"},{"taxonomy":"post_tag","embeddable":true,"href":"https:\/\/blogsaverroes.juntadeandalucia.es\/ceipsjcalasanz\/wp-json\/wp\/v2\/tags?post=6020"}],"curies":[{"name":"wp","href":"https:\/\/api.w.org\/{rel}","templated":true}]}}