{"id":6233,"date":"2024-04-24T11:00:59","date_gmt":"2024-04-24T11:00:59","guid":{"rendered":"https:\/\/blogsaverroes.juntadeandalucia.es\/ceipsjcalasanz\/?p=6233"},"modified":"2024-04-25T07:43:09","modified_gmt":"2024-04-25T07:43:09","slug":"dia-del-libro-2024","status":"publish","type":"post","link":"https:\/\/blogsaverroes.juntadeandalucia.es\/ceipsjcalasanz\/dia-del-libro-2024\/","title":{"rendered":"D\u00cdA DEL LIBRO 2024"},"content":{"rendered":"<p style=\"text-align: justify\">Como viene siendo habitual en los \u00faltimos a\u00f1os, el 23 de abril volvemos a celebrar en nuestro centro el <strong>D\u00eda del Libro<\/strong> recordando la importancia de la lectura como medio para fomentar el crecimiento de los ni\u00f1os y de las ni\u00f1as como lectores y de promover el amor a la literatura. As\u00ed lo asegura la UNESCO, que en 1995 fij\u00f3 la fecha del D\u00eda Mundial del Libro y del Derecho de Autor, haci\u00e9ndola coincidir con la fecha de la muerte un 23 de abril de 1616 de los escritores Miguel de Cervantes y William Shakespeare.<\/p>\n<p style=\"text-align: justify\">Este a\u00f1o, desde nuestro centro hemos preparado una serie de actividades en torno a esta celebraci\u00f3n. As\u00ed, se han programado en los pr\u00f3ximo d\u00edas una actividad perdida en los \u00faltimos a\u00f1os y que todos nosotros esper\u00e1bamos con ilusi\u00f3n: la <strong>visita a la Biblioteca Municipal.<\/strong> Maribel ha preparado un simp\u00e1tico cuentacuentos para cada uno de los cursos que durante estos d\u00edas han visitado sus instalaciones, conociendo sus colecciones para todas las edades.<\/p>\n<p style=\"text-align: justify\">Por otra parte, la <strong>Biblioteca escolar <em>\u00abInfantes\u00bb<\/em><\/strong>, ha sacado sus libros al patio de Infantil y Primaria: en esta semana hemos podido ver a los alumnos y alumnas de 6\u00ba leer cuentos a sus compa\u00f1eros de menor edad o un carro con el peculiar nombre de \u00abBibliopatio\u00bb que recorre todos los rincones de la pista durante el recreo.<\/p>\n<p>Os dejamos unas im\u00e1genes.<\/p>\nngg_shortcode_0_placeholder\n","protected":false},"excerpt":{"rendered":"<p>Como viene siendo habitual en los \u00faltimos a\u00f1os, el 23 de abril volvemos a celebrar en nuestro centro el D\u00eda del Libro recordando la importancia de la lectura como medio para fomentar el crecimiento de los ni\u00f1os y de las ni\u00f1as como lectores y de promover el amor a la literatura. As\u00ed lo asegura la UNESCO, que en 1995 fij\u00f3 la fecha del D\u00eda Mundial del Libro y del Derecho de Autor, haci\u00e9ndola coincidir con la fecha de la muerte&#46;&#46;&#46;<\/p>\n","protected":false},"author":11180,"featured_media":6234,"comment_status":"open","ping_status":"open","sticky":false,"template":"","format":"standard","meta":{"ngg_post_thumbnail":0,"footnotes":""},"categories":[2351842],"tags":[2351839,2351908],"aioseo_notices":[],"_links":{"self":[{"href":"https:\/\/blogsaverroes.juntadeandalucia.es\/ceipsjcalasanz\/wp-json\/wp\/v2\/posts\/6233"}],"collection":[{"href":"https:\/\/blogsaverroes.juntadeandalucia.es\/ceipsjcalasanz\/wp-json\/wp\/v2\/posts"}],"about":[{"href":"https:\/\/blogsaverroes.juntadeandalucia.es\/ceipsjcalasanz\/wp-json\/wp\/v2\/types\/post"}],"author":[{"embeddable":true,"href":"https:\/\/blogsaverroes.juntadeandalucia.es\/ceipsjcalasanz\/wp-json\/wp\/v2\/users\/11180"}],"replies":[{"embeddable":true,"href":"https:\/\/blogsaverroes.juntadeandalucia.es\/ceipsjcalasanz\/wp-json\/wp\/v2\/comments?post=6233"}],"version-history":[{"count":1,"href":"https:\/\/blogsaverroes.juntadeandalucia.es\/ceipsjcalasanz\/wp-json\/wp\/v2\/posts\/6233\/revisions"}],"predecessor-version":[{"id":6244,"href":"https:\/\/blogsaverroes.juntadeandalucia.es\/ceipsjcalasanz\/wp-json\/wp\/v2\/posts\/6233\/revisions\/6244"}],"wp:featuredmedia":[{"embeddable":true,"href":"https:\/\/blogsaverroes.juntadeandalucia.es\/ceipsjcalasanz\/wp-json\/wp\/v2\/media\/6234"}],"wp:attachment":[{"href":"https:\/\/blogsaverroes.juntadeandalucia.es\/ceipsjcalasanz\/wp-json\/wp\/v2\/media?parent=6233"}],"wp:term":[{"taxonomy":"category","embeddable":true,"href":"https:\/\/blogsaverroes.juntadeandalucia.es\/ceipsjcalasanz\/wp-json\/wp\/v2\/categories?post=6233"},{"taxonomy":"post_tag","embeddable":true,"href":"https:\/\/blogsaverroes.juntadeandalucia.es\/ceipsjcalasanz\/wp-json\/wp\/v2\/tags?post=6233"}],"curies":[{"name":"wp","href":"https:\/\/api.w.org\/{rel}","templated":true}]}}