{"id":6932,"date":"2024-12-21T22:20:11","date_gmt":"2024-12-21T22:20:11","guid":{"rendered":"https:\/\/blogsaverroes.juntadeandalucia.es\/ceipsjcalasanz\/?p=6932"},"modified":"2024-12-26T18:11:40","modified_gmt":"2024-12-26T18:11:40","slug":"feliz-navidad-4","status":"publish","type":"post","link":"https:\/\/blogsaverroes.juntadeandalucia.es\/ceipsjcalasanz\/feliz-navidad-4\/","title":{"rendered":"\u00a1\u00a1FELICES FIESTAS!!"},"content":{"rendered":"<p style=\"text-align: justify\">Con la <strong>Fiestas de Navidad de Infantil y de Primaria<\/strong> celebradas en el cine teatro Andaluc\u00eda de la localidad en esta semana, hemos dado por concluido el primer trimestre de este curso escolar.<\/p>\n<p style=\"text-align: justify\">Por el escenario del recinto municipal pasaron todos y cada uno de los alumnos y alumnas de nuestro centro para demostrar ante el numeroso p\u00fablico asistente sus dotes como cantantes, bailarines, core\u00f3grafos&#8230; en definitiva, artistas.<\/p>\n<p style=\"text-align: justify\">Queremos agradecer desde aqu\u00ed a todas las familias asistentes y, en especial, a todas aquellas que colaboraron con la organizaci\u00f3n de la actividad. Tambi\u00e9n queremos tener un reconocimiento con la <strong>AMPA <em>El Pradillo<\/em><\/strong> que se encarg\u00f3 de engalanar el marco con un decorado espectacular. Como siempre, el personal de Protecci\u00f3n Civil y Polic\u00eda Local estuvo muy atento a nuestros desplazamientos y a que la velada transcurriera de forma segura para todos.<\/p>\n<p>Os deseamos a todos una Feliz Navidad y un pr\u00f3spero A\u00f1o Nuevo.<\/p>\nngg_shortcode_0_placeholder\n","protected":false},"excerpt":{"rendered":"<p>Con la Fiestas de Navidad de Infantil y de Primaria celebradas en el cine teatro Andaluc\u00eda de la localidad en esta semana, hemos dado por concluido el primer trimestre de este curso escolar. Por el escenario del recinto municipal pasaron todos y cada uno de los alumnos y alumnas de nuestro centro para demostrar ante el numeroso p\u00fablico asistente sus dotes como cantantes, bailarines, core\u00f3grafos&#8230; en definitiva, artistas. Queremos agradecer desde aqu\u00ed a todas las familias asistentes y, en especial,&#46;&#46;&#46;<\/p>\n","protected":false},"author":11180,"featured_media":6933,"comment_status":"open","ping_status":"open","sticky":false,"template":"","format":"standard","meta":{"ngg_post_thumbnail":0,"footnotes":""},"categories":[2351650],"tags":[2351848],"aioseo_notices":[],"_links":{"self":[{"href":"https:\/\/blogsaverroes.juntadeandalucia.es\/ceipsjcalasanz\/wp-json\/wp\/v2\/posts\/6932"}],"collection":[{"href":"https:\/\/blogsaverroes.juntadeandalucia.es\/ceipsjcalasanz\/wp-json\/wp\/v2\/posts"}],"about":[{"href":"https:\/\/blogsaverroes.juntadeandalucia.es\/ceipsjcalasanz\/wp-json\/wp\/v2\/types\/post"}],"author":[{"embeddable":true,"href":"https:\/\/blogsaverroes.juntadeandalucia.es\/ceipsjcalasanz\/wp-json\/wp\/v2\/users\/11180"}],"replies":[{"embeddable":true,"href":"https:\/\/blogsaverroes.juntadeandalucia.es\/ceipsjcalasanz\/wp-json\/wp\/v2\/comments?post=6932"}],"version-history":[{"count":3,"href":"https:\/\/blogsaverroes.juntadeandalucia.es\/ceipsjcalasanz\/wp-json\/wp\/v2\/posts\/6932\/revisions"}],"predecessor-version":[{"id":6949,"href":"https:\/\/blogsaverroes.juntadeandalucia.es\/ceipsjcalasanz\/wp-json\/wp\/v2\/posts\/6932\/revisions\/6949"}],"wp:featuredmedia":[{"embeddable":true,"href":"https:\/\/blogsaverroes.juntadeandalucia.es\/ceipsjcalasanz\/wp-json\/wp\/v2\/media\/6933"}],"wp:attachment":[{"href":"https:\/\/blogsaverroes.juntadeandalucia.es\/ceipsjcalasanz\/wp-json\/wp\/v2\/media?parent=6932"}],"wp:term":[{"taxonomy":"category","embeddable":true,"href":"https:\/\/blogsaverroes.juntadeandalucia.es\/ceipsjcalasanz\/wp-json\/wp\/v2\/categories?post=6932"},{"taxonomy":"post_tag","embeddable":true,"href":"https:\/\/blogsaverroes.juntadeandalucia.es\/ceipsjcalasanz\/wp-json\/wp\/v2\/tags?post=6932"}],"curies":[{"name":"wp","href":"https:\/\/api.w.org\/{rel}","templated":true}]}}