{"id":7104,"date":"2025-03-05T12:46:17","date_gmt":"2025-03-05T12:46:17","guid":{"rendered":"https:\/\/blogsaverroes.juntadeandalucia.es\/ceipsjcalasanz\/?p=7104"},"modified":"2025-03-05T12:46:17","modified_gmt":"2025-03-05T12:46:17","slug":"dia-de-andalucia-6","status":"publish","type":"post","link":"https:\/\/blogsaverroes.juntadeandalucia.es\/ceipsjcalasanz\/dia-de-andalucia-6\/","title":{"rendered":"D\u00cdA DE ANDALUC\u00cdA"},"content":{"rendered":"<p style=\"text-align: justify\">El pasado mi\u00e9rcoles 26 de febrero conmemoramos en nuestro colegio el <strong>D\u00eda de Andaluc\u00eda<\/strong> y lo hicimos como ya viene siendo habitual en los \u00faltimos cursos: conociendo y valorando el patrimonio cultural de las ocho provincias que componen nuestra comunidad, estudiando nuestra historia y nuestras costumbres e interpretando nuestro himno.<\/p>\n<p style=\"text-align: justify\">Como novedad, este a\u00f1o han sido los ni\u00f1os y ni\u00f1as de 6\u00ba de Primaria los encargados de hacer sonar los acordes y la letra de Blas Infante acompa\u00f1ados por el ukelele, instrumento que tan bien est\u00e1n aprendiendo a tocar con la se\u00f1o Adela, la maestra de M\u00fasica.<\/p>\n<p style=\"text-align: justify\">Con tanto trabajar y tanto estudiar termin\u00f3 por despertarse el voraz apetito de nuestro alumnado que no dud\u00f3 en repetir hasta agotar existencias los sabrosos bollos de pan con aceite de la cooperativa de La Puebla.<\/p>\n<p>Os dejamos la interpretaci\u00f3n de nuestro himno y unas im\u00e1genes.<\/p>\n<div style=\"width: 848px;\" class=\"wp-video\"><!--[if lt IE 9]><script>document.createElement('video');<\/script><![endif]-->\n<video class=\"wp-video-shortcode\" id=\"video-7104-1\" width=\"848\" height=\"464\" preload=\"metadata\" controls=\"controls\"><source type=\"video\/mp4\" src=\"https:\/\/blogsaverroes.juntadeandalucia.es\/ceipsjcalasanz\/files\/2025\/03\/Himno-de-Andalucia.mp4?_=1\" \/><a href=\"https:\/\/blogsaverroes.juntadeandalucia.es\/ceipsjcalasanz\/files\/2025\/03\/Himno-de-Andalucia.mp4\">https:\/\/blogsaverroes.juntadeandalucia.es\/ceipsjcalasanz\/files\/2025\/03\/Himno-de-Andalucia.mp4<\/a><\/video><\/div>\nngg_shortcode_0_placeholder\n","protected":false},"excerpt":{"rendered":"<p>El pasado mi\u00e9rcoles 26 de febrero conmemoramos en nuestro colegio el D\u00eda de Andaluc\u00eda y lo hicimos como ya viene siendo habitual en los \u00faltimos cursos: conociendo y valorando el patrimonio cultural de las ocho provincias que componen nuestra comunidad, estudiando nuestra historia y nuestras costumbres e interpretando nuestro himno. Como novedad, este a\u00f1o han sido los ni\u00f1os y ni\u00f1as de 6\u00ba de Primaria los encargados de hacer sonar los acordes y la letra de Blas Infante acompa\u00f1ados por el&#46;&#46;&#46;<\/p>\n","protected":false},"author":11180,"featured_media":7109,"comment_status":"open","ping_status":"open","sticky":false,"template":"","format":"standard","meta":{"ngg_post_thumbnail":0,"footnotes":""},"categories":[2351691],"tags":[2351836],"aioseo_notices":[],"_links":{"self":[{"href":"https:\/\/blogsaverroes.juntadeandalucia.es\/ceipsjcalasanz\/wp-json\/wp\/v2\/posts\/7104"}],"collection":[{"href":"https:\/\/blogsaverroes.juntadeandalucia.es\/ceipsjcalasanz\/wp-json\/wp\/v2\/posts"}],"about":[{"href":"https:\/\/blogsaverroes.juntadeandalucia.es\/ceipsjcalasanz\/wp-json\/wp\/v2\/types\/post"}],"author":[{"embeddable":true,"href":"https:\/\/blogsaverroes.juntadeandalucia.es\/ceipsjcalasanz\/wp-json\/wp\/v2\/users\/11180"}],"replies":[{"embeddable":true,"href":"https:\/\/blogsaverroes.juntadeandalucia.es\/ceipsjcalasanz\/wp-json\/wp\/v2\/comments?post=7104"}],"version-history":[{"count":2,"href":"https:\/\/blogsaverroes.juntadeandalucia.es\/ceipsjcalasanz\/wp-json\/wp\/v2\/posts\/7104\/revisions"}],"predecessor-version":[{"id":7112,"href":"https:\/\/blogsaverroes.juntadeandalucia.es\/ceipsjcalasanz\/wp-json\/wp\/v2\/posts\/7104\/revisions\/7112"}],"wp:featuredmedia":[{"embeddable":true,"href":"https:\/\/blogsaverroes.juntadeandalucia.es\/ceipsjcalasanz\/wp-json\/wp\/v2\/media\/7109"}],"wp:attachment":[{"href":"https:\/\/blogsaverroes.juntadeandalucia.es\/ceipsjcalasanz\/wp-json\/wp\/v2\/media?parent=7104"}],"wp:term":[{"taxonomy":"category","embeddable":true,"href":"https:\/\/blogsaverroes.juntadeandalucia.es\/ceipsjcalasanz\/wp-json\/wp\/v2\/categories?post=7104"},{"taxonomy":"post_tag","embeddable":true,"href":"https:\/\/blogsaverroes.juntadeandalucia.es\/ceipsjcalasanz\/wp-json\/wp\/v2\/tags?post=7104"}],"curies":[{"name":"wp","href":"https:\/\/api.w.org\/{rel}","templated":true}]}}