{"id":7151,"date":"2025-03-14T10:26:34","date_gmt":"2025-03-14T10:26:34","guid":{"rendered":"https:\/\/blogsaverroes.juntadeandalucia.es\/ceipsjcalasanz\/?p=7151"},"modified":"2025-03-14T10:26:34","modified_gmt":"2025-03-14T10:26:34","slug":"carnaval-carnaval","status":"publish","type":"post","link":"https:\/\/blogsaverroes.juntadeandalucia.es\/ceipsjcalasanz\/carnaval-carnaval\/","title":{"rendered":"CARNAVAL, CARNAVAL"},"content":{"rendered":"<p style=\"text-align: justify\">\u00a1\u00a1Ni la lluvia pudo con las ganas de <strong>Carnaval<\/strong> que ten\u00edan los ni\u00f1os y ni\u00f1as de nuestro cole!!<\/p>\n<p style=\"text-align: justify\">El pasado viernes 7 de marzo, aunque se tuvo que suspender el Pasacalles que ten\u00edamos organizado conjuntamente con la Guarder\u00eda, disfrutamos con las canciones, los disfraces y los maquillajes que los ni\u00f1os y ni\u00f1as del <strong>Aula Espec\u00edfica, Infantil y Primer Ciclo de Primaria<\/strong> hab\u00edan preparado con tanto esmero.<\/p>\n<p style=\"text-align: justify\">Por el patio de nuestro colegio desfilaron una variopinta y simp\u00e1tica serie de personajes: unos jardineros y jardineras que te empapaban con sus regaderas si te pillaban distra\u00eddo, unos elegantes y distinguidos gondoleros y gondoleras que buscaban su barca cantando canciones de amor, unos aviadores volando a toda pastilla, el personal de Correos repartiendo cartas y paquetes a diestro y siniestro, la plantilla al completo del parque de bomberos local apagando todos los fuegos que se les presentaban e incluso un nutrido grupo de polic\u00edas locales en busca de un peligroso caco. Jajajajajajajaja<\/p>\n<p>Enhorabuena a todos y a todas por la simpat\u00eda y la imaginaci\u00f3n derrochada en esta simp\u00e1tica actividad.<\/p>\nngg_shortcode_0_placeholder\n","protected":false},"excerpt":{"rendered":"<p>\u00a1\u00a1Ni la lluvia pudo con las ganas de Carnaval que ten\u00edan los ni\u00f1os y ni\u00f1as de nuestro cole!! El pasado viernes 7 de marzo, aunque se tuvo que suspender el Pasacalles que ten\u00edamos organizado conjuntamente con la Guarder\u00eda, disfrutamos con las canciones, los disfraces y los maquillajes que los ni\u00f1os y ni\u00f1as del Aula Espec\u00edfica, Infantil y Primer Ciclo de Primaria hab\u00edan preparado con tanto esmero. Por el patio de nuestro colegio desfilaron una variopinta y simp\u00e1tica serie de personajes:&#46;&#46;&#46;<\/p>\n","protected":false},"author":11180,"featured_media":7153,"comment_status":"open","ping_status":"open","sticky":false,"template":"","format":"standard","meta":{"ngg_post_thumbnail":0,"footnotes":""},"categories":[2351673],"tags":[2351949,2351867,2351839],"aioseo_notices":[],"_links":{"self":[{"href":"https:\/\/blogsaverroes.juntadeandalucia.es\/ceipsjcalasanz\/wp-json\/wp\/v2\/posts\/7151"}],"collection":[{"href":"https:\/\/blogsaverroes.juntadeandalucia.es\/ceipsjcalasanz\/wp-json\/wp\/v2\/posts"}],"about":[{"href":"https:\/\/blogsaverroes.juntadeandalucia.es\/ceipsjcalasanz\/wp-json\/wp\/v2\/types\/post"}],"author":[{"embeddable":true,"href":"https:\/\/blogsaverroes.juntadeandalucia.es\/ceipsjcalasanz\/wp-json\/wp\/v2\/users\/11180"}],"replies":[{"embeddable":true,"href":"https:\/\/blogsaverroes.juntadeandalucia.es\/ceipsjcalasanz\/wp-json\/wp\/v2\/comments?post=7151"}],"version-history":[{"count":3,"href":"https:\/\/blogsaverroes.juntadeandalucia.es\/ceipsjcalasanz\/wp-json\/wp\/v2\/posts\/7151\/revisions"}],"predecessor-version":[{"id":7163,"href":"https:\/\/blogsaverroes.juntadeandalucia.es\/ceipsjcalasanz\/wp-json\/wp\/v2\/posts\/7151\/revisions\/7163"}],"wp:featuredmedia":[{"embeddable":true,"href":"https:\/\/blogsaverroes.juntadeandalucia.es\/ceipsjcalasanz\/wp-json\/wp\/v2\/media\/7153"}],"wp:attachment":[{"href":"https:\/\/blogsaverroes.juntadeandalucia.es\/ceipsjcalasanz\/wp-json\/wp\/v2\/media?parent=7151"}],"wp:term":[{"taxonomy":"category","embeddable":true,"href":"https:\/\/blogsaverroes.juntadeandalucia.es\/ceipsjcalasanz\/wp-json\/wp\/v2\/categories?post=7151"},{"taxonomy":"post_tag","embeddable":true,"href":"https:\/\/blogsaverroes.juntadeandalucia.es\/ceipsjcalasanz\/wp-json\/wp\/v2\/tags?post=7151"}],"curies":[{"name":"wp","href":"https:\/\/api.w.org\/{rel}","templated":true}]}}