{"id":7435,"date":"2025-11-02T11:39:42","date_gmt":"2025-11-02T11:39:42","guid":{"rendered":"https:\/\/blogsaverroes.juntadeandalucia.es\/ceipsjcalasanz\/?p=7435"},"modified":"2025-11-02T11:39:42","modified_gmt":"2025-11-02T11:39:42","slug":"i-olimpiadas-matematicas","status":"publish","type":"post","link":"https:\/\/blogsaverroes.juntadeandalucia.es\/ceipsjcalasanz\/i-olimpiadas-matematicas\/","title":{"rendered":"I OLIMPIADAS MATEM\u00c1TICAS"},"content":{"rendered":"<p style=\"text-align: justify\"><span style=\"font-weight: 400\">El pasado 31 de octubre de 2025, nuestro centro ha vivido una jornada muy especial: la celebraci\u00f3n de las <strong>primeras Olimpiadas Matem\u00e1ticas<\/strong> dirigidas al alumnado del <strong>Tercer ciclo de Educaci\u00f3n Primaria<\/strong>. Los ni\u00f1os y ni\u00f1as han participado con gran entusiasmo y motivaci\u00f3n, demostrando su inter\u00e9s por las matem\u00e1ticas y su deseo de aprender de una manera diferente.<\/span><span style=\"font-weight: 400\"><br \/>\n<\/span><span style=\"font-weight: 400\"><br \/>\n<\/span><span style=\"font-weight: 400\">En esta actividad, las metodolog\u00edas activas han jugado un papel fundamental como medio de aprendizaje dentro del colegio. Gracias al uso de las nuevas tecnolog\u00edas, el alumnado ha trabajado de forma din\u00e1mica y participativa, poniendo a prueba sus conocimientos a trav\u00e9s de la aplicaci\u00f3n Quizizz.<\/span><span style=\"font-weight: 400\"><br \/>\n<\/span><span style=\"font-weight: 400\"><br \/>\n<\/span><span style=\"font-weight: 400\">Cada participante se ha enfrentado a un reto com\u00fan, aplicando su razonamiento matem\u00e1tico y recordando contenidos ya aprendidos en cursos anteriores. De esta manera, no solo han reforzado sus conocimientos, sino que tambi\u00e9n han desarrollado competencias como el pensamiento l\u00f3gico, la resoluci\u00f3n de problemas y la toma de decisiones.<\/span><span style=\"font-weight: 400\"><br \/>\n<\/span><span style=\"font-weight: 400\"><br \/>\n<\/span><span style=\"font-weight: 400\">Sin duda, esta primera edici\u00f3n de las Olimpiadas Matem\u00e1ticas ha sido una experiencia enriquecedora que ha fomentado la motivaci\u00f3n, la cooperaci\u00f3n y el gusto por las matem\u00e1ticas, convirti\u00e9ndose en una excelente oportunidad para seguir aprendiendo de forma activa y divertida.<\/span><\/p>\n<p style=\"text-align: justify\"><span style=\"font-weight: 400\">Desde aqu\u00ed queremos felicitar a todos los participantes y, especialmente, a los tres ganadores: Carmen Dom\u00ednguez Canto y Juan Pacheco Invern\u00f3n, de 5\u00ba B, y Josal Rosal Mart\u00ednez, de 6\u00ba B.<\/span><\/p>\n<p>Os dejamos unas im\u00e1genes.<\/p>\nngg_shortcode_0_placeholder\n","protected":false},"excerpt":{"rendered":"<p>El pasado 31 de octubre de 2025, nuestro centro ha vivido una jornada muy especial: la celebraci\u00f3n de las primeras Olimpiadas Matem\u00e1ticas dirigidas al alumnado del Tercer ciclo de Educaci\u00f3n Primaria. Los ni\u00f1os y ni\u00f1as han participado con gran entusiasmo y motivaci\u00f3n, demostrando su inter\u00e9s por las matem\u00e1ticas y su deseo de aprender de una manera diferente. En esta actividad, las metodolog\u00edas activas han jugado un papel fundamental como medio de aprendizaje dentro del colegio. Gracias al uso de las&#46;&#46;&#46;<\/p>\n","protected":false},"author":11180,"featured_media":7440,"comment_status":"open","ping_status":"open","sticky":false,"template":"","format":"standard","meta":{"ngg_post_thumbnail":0,"footnotes":""},"categories":[2351816],"tags":[2351873],"aioseo_notices":[],"_links":{"self":[{"href":"https:\/\/blogsaverroes.juntadeandalucia.es\/ceipsjcalasanz\/wp-json\/wp\/v2\/posts\/7435"}],"collection":[{"href":"https:\/\/blogsaverroes.juntadeandalucia.es\/ceipsjcalasanz\/wp-json\/wp\/v2\/posts"}],"about":[{"href":"https:\/\/blogsaverroes.juntadeandalucia.es\/ceipsjcalasanz\/wp-json\/wp\/v2\/types\/post"}],"author":[{"embeddable":true,"href":"https:\/\/blogsaverroes.juntadeandalucia.es\/ceipsjcalasanz\/wp-json\/wp\/v2\/users\/11180"}],"replies":[{"embeddable":true,"href":"https:\/\/blogsaverroes.juntadeandalucia.es\/ceipsjcalasanz\/wp-json\/wp\/v2\/comments?post=7435"}],"version-history":[{"count":1,"href":"https:\/\/blogsaverroes.juntadeandalucia.es\/ceipsjcalasanz\/wp-json\/wp\/v2\/posts\/7435\/revisions"}],"predecessor-version":[{"id":7441,"href":"https:\/\/blogsaverroes.juntadeandalucia.es\/ceipsjcalasanz\/wp-json\/wp\/v2\/posts\/7435\/revisions\/7441"}],"wp:featuredmedia":[{"embeddable":true,"href":"https:\/\/blogsaverroes.juntadeandalucia.es\/ceipsjcalasanz\/wp-json\/wp\/v2\/media\/7440"}],"wp:attachment":[{"href":"https:\/\/blogsaverroes.juntadeandalucia.es\/ceipsjcalasanz\/wp-json\/wp\/v2\/media?parent=7435"}],"wp:term":[{"taxonomy":"category","embeddable":true,"href":"https:\/\/blogsaverroes.juntadeandalucia.es\/ceipsjcalasanz\/wp-json\/wp\/v2\/categories?post=7435"},{"taxonomy":"post_tag","embeddable":true,"href":"https:\/\/blogsaverroes.juntadeandalucia.es\/ceipsjcalasanz\/wp-json\/wp\/v2\/tags?post=7435"}],"curies":[{"name":"wp","href":"https:\/\/api.w.org\/{rel}","templated":true}]}}